{"id":537,"date":"2011-03-02T11:14:00","date_gmt":"2011-03-02T11:14:00","guid":{"rendered":"http:\/\/www.toque-musicall.com\/?p=537"},"modified":"2011-03-02T11:14:00","modified_gmt":"2011-03-02T11:14:00","slug":"pedrinho-mattar-rapsodia-1966","status":"publish","type":"post","link":"https:\/\/www.toque-musicall.com\/?p=537","title":{"rendered":"Pedrinho Mattar &#8211; Raps\u00f3dia (1966)"},"content":{"rendered":"<p><a href=\"http:\/\/1.bp.blogspot.com\/-LfHsHOsfDAc\/TW43DuImxOI\/AAAAAAAAHwg\/u-fktYKQOu0\/s1600\/pedrinho+P.JPG\"><img decoding=\"async\" id=\"BLOGGER_PHOTO_ID_5579457525421884642\" style=\"display: block; margin: 0px auto 10px; width: 400px; height: 397px; text-align: center;\" alt=\"\" src=\"http:\/\/1.bp.blogspot.com\/-LfHsHOsfDAc\/TW43DuImxOI\/AAAAAAAAHwg\/u-fktYKQOu0\/s400\/pedrinho+P.JPG\" border=\"0\" \/><\/a>Ol\u00e1, amigos cultos e ocultos! Enquanto o Carnaval n\u00e3o vem, vou mantendo a linha, com as nossas sortidas postagens. Como dizia o Chico Buarque, \u201cestou me guardando pra quando o Carnaval chegar\u201d.<br \/>Temos aqui o pianista Pedrinho Mattar, numa fase que eu chamaria de \u2018agrad\u00e1vel\u2019, quando ele ainda, em seu virtuosismo, era um pouco mais contido e comedido em suas performances. Pessoalmente, nunca gostei muito do jeito dele tocar de maneira rebuscada, floreando demais nos arranjos, principalmente nos seus discos a partir dos anos 70. No meu entender, ele trocou o concerto pelo espet\u00e1culo, se tornando uma esp\u00e9cie de \u2018showman\u2019. Este seu estilo iria fazer escola, mas poucos ou quase nenhum conseguiu supera-lo. Pedrinho, por sua vez, parece ter seguido a escola do espalhafatoso Liberace, aquele pianista americano que se apresentava como se estivesse num carro aleg\u00f3rico de uma escola de samba, cheio de brilhos e lantejoulas.<br \/>Felizmente o disco que temos aqui ainda n\u00e3o \u00e9 da \u00e9poca do \u2018Pian\u00edssimo\u2019, programa de televis\u00e3o da Rede Viva apresentado por ele. Em \u201cRaps\u00f3dia\u201d, temos o instrumentista em dois momentos distinto. Do lado A, abrindo o disco, temos a famosa \u201cRhapsody in blue\u201d, de George Gershwin, aqui apresentada por ele em solo e com acompanhamento, tamb\u00e9m no piano, de sua irm\u00e3, a renomada professora de m\u00fasica, Mercedes Mattar Sciotti. A segunda e \u00faltima faixa do lado A \u00e9 \u201cAbismos de rosas\u201d, de Canhoto, num belo mas bem retocado arranjo (quase me escapa aos ouvidos a melodia). No lado B o pianista vem acompanhado de orquestra, sob a reg\u00eancia do Maestro Cyro Pereira. Ele nos apresenta seis temas p\u00f3s (in) Bossa Nova, m\u00fasicas de Edu Lobo e Vin\u00edcius, Chico Buarque, Menescal e B\u00f4scoli, Maur\u00edcio Einhorn e tamb\u00e9m m\u00fasicas do Maestro Cyro Pereira.Disco bacana, valorizado ainda mais pela qualidade RCA de grava\u00e7\u00e3o e tamb\u00e9m pela bel\u00edssima capa de Telbado, com um desenho de Carlos Alberto Sartoretto. Confiram a\u00ed mais um toque musical de qualidade \ud83d\ude09<\/p>\n<div align=\"center\">rhapsody in blue<\/div>\n<div align=\"center\">abismo de rosas<\/div>\n<div align=\"center\">can\u00e7\u00e3o do amanhecer<\/div>\n<div align=\"center\">ol\u00ea ol\u00e1<\/div>\n<div align=\"center\">a volta<\/div>\n<div align=\"center\">certa vez<\/div>\n<div align=\"center\">alvorada<\/div>\n<div align=\"center\">nostalgia<\/p>\n<p><\/div>\n<div align=\"center\"> <\/div>\n<div align=\"center\"> <\/div>\n","protected":false},"excerpt":{"rendered":"<p>Ol\u00e1, amigos cultos e ocultos! Enquanto o Carnaval n\u00e3o vem, vou mantendo a linha, com as nossas sortidas postagens. Como dizia o Chico Buarque, \u201cestou me guardando pra quando o Carnaval chegar\u201d.Temos aqui o pianista Pedrinho Mattar, numa fase que &hellip; <a href=\"https:\/\/www.toque-musicall.com\/?p=537\">Continue lendo <span class=\"meta-nav\">&rarr;<\/span><\/a><\/p>\n","protected":false},"author":1,"featured_media":0,"comment_status":"open","ping_status":"closed","sticky":false,"template":"","format":"standard","meta":{"footnotes":""},"categories":[836,18],"tags":[],"class_list":["post-537","post","type-post","status-publish","format-standard","hentry","category-pedrinho-mattar","category-selo-rca"],"_links":{"self":[{"href":"https:\/\/www.toque-musicall.com\/index.php?rest_route=\/wp\/v2\/posts\/537","targetHints":{"allow":["GET"]}}],"collection":[{"href":"https:\/\/www.toque-musicall.com\/index.php?rest_route=\/wp\/v2\/posts"}],"about":[{"href":"https:\/\/www.toque-musicall.com\/index.php?rest_route=\/wp\/v2\/types\/post"}],"author":[{"embeddable":true,"href":"https:\/\/www.toque-musicall.com\/index.php?rest_route=\/wp\/v2\/users\/1"}],"replies":[{"embeddable":true,"href":"https:\/\/www.toque-musicall.com\/index.php?rest_route=%2Fwp%2Fv2%2Fcomments&post=537"}],"version-history":[{"count":0,"href":"https:\/\/www.toque-musicall.com\/index.php?rest_route=\/wp\/v2\/posts\/537\/revisions"}],"wp:attachment":[{"href":"https:\/\/www.toque-musicall.com\/index.php?rest_route=%2Fwp%2Fv2%2Fmedia&parent=537"}],"wp:term":[{"taxonomy":"category","embeddable":true,"href":"https:\/\/www.toque-musicall.com\/index.php?rest_route=%2Fwp%2Fv2%2Fcategories&post=537"},{"taxonomy":"post_tag","embeddable":true,"href":"https:\/\/www.toque-musicall.com\/index.php?rest_route=%2Fwp%2Fv2%2Ftags&post=537"}],"curies":[{"name":"wp","href":"https:\/\/api.w.org\/{rel}","templated":true}]}}