{"id":5370,"date":"2016-01-03T10:17:14","date_gmt":"2016-01-03T12:17:14","guid":{"rendered":"http:\/\/www.toque-musicall.com\/?p=5370"},"modified":"2016-01-04T17:28:07","modified_gmt":"2016-01-04T19:28:07","slug":"a-noite-do-amor-do-sorriso-e-da-flor-show-na-faculdade-de-arquitetura-da-ufrj-1960-2016","status":"publish","type":"post","link":"https:\/\/www.toque-musicall.com\/?p=5370","title":{"rendered":"A Noite Do Amor, do Sorriso E Da Flor &#8211; Show Na Faculdade De Arquitetura Da UFRJ 1960 (2016)"},"content":{"rendered":"<p><img loading=\"lazy\" decoding=\"async\" class=\"aligncenter\" src=\"http:\/\/2.bp.blogspot.com\/-3ZCcuKBxH0g\/VokPoeBs1hI\/AAAAAAAAMjc\/GU8JhKP9dR0\/s640\/CAPA%2Bfp.JPG\" alt=\"\" width=\"640\" height=\"640\" \/><img loading=\"lazy\" decoding=\"async\" class=\"aligncenter\" src=\"http:\/\/2.bp.blogspot.com\/-h0ecy-7MuDA\/Voq__8nP_-I\/AAAAAAAAMkc\/02i08Fevmno\/s640\/CONTRACAPA%2Bfp.JPG\" alt=\"\" width=\"640\" height=\"640\" \/><\/p>\n<p>Ol\u00e1 amigos cultos e ocultos! Hoje eu estou postando aqui uma arquivo musical j\u00e1 bem rodado em diferentes sites e blogs. Originalmente apareceu no Loronix, depois enviaram para mim, mas com tanta badala\u00e7\u00e3o, achei melhor n\u00e3o entrar na concorr\u00eancia. Hoje, passado um tempo e baixada a poeira, resolvi que era hora de post\u00e1-lo tamb\u00e9m, afinal esse registro hist\u00f3rico tem mesmo a cara do Toque Musical e n\u00e3o poderia faltar. Para tanto, melhoramos o \u00e1udio e criamos uma capinha exclusiva. Espero que esteja no agrado&#8230; \ud83d\ude09<br \/>\nFalando um pouquinho sobre esse registro musical, para aqueles que ainda n\u00e3o o conhece, &#8220;A noite do amor, do sorriso e da flor&#8221; foi o nome que ficou para aquela noite de 20 de maio de 1960, quando na Faculdade de Arquitetura da UFRJ aconteceu o primeiro show de Bossa Nova, sendo um dos seus promotores o compositor Ronaldo Boscoli. Na verdade, na mesma data e hor\u00e1rio acontecia outro show de apresenta\u00e7\u00e3o da Bossa Nova, &#8216;A Noite do Sambalan\u00e7o&#8217;, este promovido por Carlos Lyra. Nesta \u00e9poca, Boscoli e Lyra estavam em p\u00e9 de guerra um com outro e os shows acontecendo no mesmo dia era um evidente confronto de artistas. O certo \u00e9 que o show da Faculdade de Arquitetura fez mais sucesso e se despontou na hist\u00f3ria da BN gra\u00e7as aos registros de imagem e som. As grava\u00e7\u00f5es desse show foram feitas pelo amigo da turma, o advogado Jorge Karam, um mel\u00f4mano apaixonado por Bossa Nova. A qualidade do som \u00e9 sofr\u00edvel, mas vale ouv\u00ed-lo a cada segundo. \u00c9 hist\u00f3rico! O registro na \u00edntegra foi desmembrado e posteriormente editado, sendo exclu\u00eddas algumas partes. Aqui elas n\u00e3o aparecem, infelizmente. Por\u00e9m, temos Jo\u00e3o Gilberto, Astrud, Johnny Alf, Elza Soares, Trio Irakitan, Os Cariocas, S\u00e9rgio Ricardo e muitos outros grande nomes que ali estavam come\u00e7and<a href=\"http:\/\/depositfiles.com\/files\/0tal4sljg\" target=\"_blank\">o<\/a>.<\/p>\n<div style=\"text-align: center;\">apresenta\u00e7\u00e3o &#8211; ronaldo b\u00f4scoli<\/div>\n<div style=\"text-align: center;\">sambop &#8211; claudette soares<\/div>\n<div style=\"text-align: center;\">fuga &#8211; claudette soares<\/div>\n<div style=\"text-align: center;\">chora tua tristeza &#8211; claudette soares<\/div>\n<div style=\"text-align: center;\">apresenta\u00e7\u00e3o de johnny alf &#8211; ronaldo b\u00f4scoli<\/div>\n<div style=\"text-align: center;\">rapaz de bem &#8211; johnny alf<\/div>\n<div style=\"text-align: center;\">c\u00e9u e mar &#8211; johnny alf<\/div>\n<div style=\"text-align: center;\">apresenta\u00e7\u00e3o de norma bengell &#8211; ronaldo b\u00f4scoli<\/div>\n<div style=\"text-align: center;\">n\u00e3o faz assim &#8211; norma bengell<\/div>\n<div style=\"text-align: center;\">dona baratinha &#8211; trio irakitan<\/div>\n<div style=\"text-align: center;\">ideias erradas &#8211; trio irakitan<\/div>\n<div style=\"text-align: center;\">menina feia &#8211; trio irakitan<\/div>\n<div style=\"text-align: center;\">se acaso voc\u00ea chegasse &#8211; elza soares<\/div>\n<div style=\"text-align: center;\">zel\u00e3o &#8211; s\u00e9rgio ricardo<\/div>\n<div style=\"text-align: center;\">oceano e guiomar &#8211; caetano zama<\/div>\n<div style=\"text-align: center;\">menina feia &#8211; os cariocas<\/div>\n<div style=\"text-align: center;\">esque\u00e7a &#8211; os cariocas<\/div>\n<div style=\"text-align: center;\">samba de uma nota s\u00f3 &#8211; jo\u00e3o gilberto<\/div>\n<div style=\"text-align: center;\">o pato &#8211; jo\u00e3o gilberto<\/div>\n<div style=\"text-align: center;\">lamento no morro &#8211; jo\u00e3o e astrud gilberto<\/div>\n<div style=\"text-align: center;\">brigas nunca mais &#8211; jo\u00e3o e astrud gilberto<\/div>\n<div style=\"text-align: center;\">encerramento &#8211; ronaldo b\u00f4scoli<\/div>\n<div style=\"text-align: center;\">medita\u00e7\u00e3o &#8211; jo\u00e3o gilberto<\/div>\n<div style=\"text-align: center;\"><\/div>\n<div style=\"text-align: center;\">.<\/div>\n","protected":false},"excerpt":{"rendered":"<p>Ol\u00e1 amigos cultos e ocultos! Hoje eu estou postando aqui uma arquivo musical j\u00e1 bem rodado em diferentes sites e blogs. Originalmente apareceu no Loronix, depois enviaram para mim, mas com tanta badala\u00e7\u00e3o, achei melhor n\u00e3o entrar na concorr\u00eancia. Hoje, &hellip; <a href=\"https:\/\/www.toque-musicall.com\/?p=5370\">Continue lendo <span class=\"meta-nav\">&rarr;<\/span><\/a><\/p>\n","protected":false},"author":1,"featured_media":0,"comment_status":"open","ping_status":"closed","sticky":false,"template":"","format":"standard","meta":{"footnotes":""},"categories":[2634,180,11],"tags":[],"class_list":["post-5370","post","type-post","status-publish","format-standard","hentry","category-a-noite-do-amor-do-sorriso-e-da-flor","category-bootleg","category-exclusivos-do-toque-musical"],"_links":{"self":[{"href":"https:\/\/www.toque-musicall.com\/index.php?rest_route=\/wp\/v2\/posts\/5370","targetHints":{"allow":["GET"]}}],"collection":[{"href":"https:\/\/www.toque-musicall.com\/index.php?rest_route=\/wp\/v2\/posts"}],"about":[{"href":"https:\/\/www.toque-musicall.com\/index.php?rest_route=\/wp\/v2\/types\/post"}],"author":[{"embeddable":true,"href":"https:\/\/www.toque-musicall.com\/index.php?rest_route=\/wp\/v2\/users\/1"}],"replies":[{"embeddable":true,"href":"https:\/\/www.toque-musicall.com\/index.php?rest_route=%2Fwp%2Fv2%2Fcomments&post=5370"}],"version-history":[{"count":6,"href":"https:\/\/www.toque-musicall.com\/index.php?rest_route=\/wp\/v2\/posts\/5370\/revisions"}],"predecessor-version":[{"id":5377,"href":"https:\/\/www.toque-musicall.com\/index.php?rest_route=\/wp\/v2\/posts\/5370\/revisions\/5377"}],"wp:attachment":[{"href":"https:\/\/www.toque-musicall.com\/index.php?rest_route=%2Fwp%2Fv2%2Fmedia&parent=5370"}],"wp:term":[{"taxonomy":"category","embeddable":true,"href":"https:\/\/www.toque-musicall.com\/index.php?rest_route=%2Fwp%2Fv2%2Fcategories&post=5370"},{"taxonomy":"post_tag","embeddable":true,"href":"https:\/\/www.toque-musicall.com\/index.php?rest_route=%2Fwp%2Fv2%2Ftags&post=5370"}],"curies":[{"name":"wp","href":"https:\/\/api.w.org\/{rel}","templated":true}]}}