{"id":5378,"date":"2016-01-04T19:59:32","date_gmt":"2016-01-04T21:59:32","guid":{"rendered":"http:\/\/www.toque-musicall.com\/?p=5378"},"modified":"2016-01-06T21:51:43","modified_gmt":"2016-01-06T23:51:43","slug":"elza-soares-o-samba-e-elza-soares-1961","status":"publish","type":"post","link":"https:\/\/www.toque-musicall.com\/?p=5378","title":{"rendered":"Elza Soares &#8211; O Samba \u00c9 Elza Soares (1961)"},"content":{"rendered":"<p><img loading=\"lazy\" decoding=\"async\" class=\"aligncenter\" src=\"http:\/\/2.bp.blogspot.com\/-LsuEzwDfgcA\/Vo1PsE9kzWI\/AAAAAAAAMk4\/oxd9U1otx3Q\/s640\/capap.JPG\" alt=\"\" width=\"640\" height=\"631\" \/><img loading=\"lazy\" decoding=\"async\" class=\"aligncenter\" src=\"http:\/\/2.bp.blogspot.com\/-e2YSvR_FrVY\/Vo1PtA2-L7I\/AAAAAAAAMlA\/r_ZxDIFzk40\/s640\/contrap.JPG\" alt=\"\" width=\"640\" height=\"630\" \/><\/p>\n<p>Bom dia a todos, amigos cultos e ocultos! Segue aqui um disc\u00e3o da grande Elza Soares. Vinil lan\u00e7ado em 1961. Foi o seu terceiro lp, lan\u00e7ado pela Odeon. Um disco que como o pr\u00f3prio titulo diz \u00e9 samba e o samba \u00e9 Elza Soares, interpretando doze p\u00e9rolas com arranjos e orquestra\u00e7\u00e3o de Astor Silva e dire\u00e7\u00e3o musical de Ismael Corr\u00eaa. Participam do disco Cyro Monteiro e Monsueto. Confiram e fiquem a vontade para comentar. Tem dia que por aqui \u00e9 s\u00f3 samb<a href=\"http:\/\/depositfiles.com\/files\/vmkt5h5qa\" target=\"_blank\">a<\/a> \ud83d\ude09<\/p>\n<div style=\"text-align: center;\">teleco teco n. 2<\/div>\n<div style=\"text-align: center;\">contas<\/div>\n<div style=\"text-align: center;\">sal e pimenta<\/div>\n<div style=\"text-align: center;\">cart\u00e3o de visitas<\/div>\n<div style=\"text-align: center;\">n\u00eago tu, n\u00eago n\u00f3s, n\u00eago voc\u00ea<\/div>\n<div style=\"text-align: center;\">n\u00e3o quero mais<\/div>\n<div style=\"text-align: center;\">se acaso voc\u00ea chegasse<\/div>\n<div style=\"text-align: center;\">casa de turfista cavalo de pau<\/div>\n<div style=\"text-align: center;\">mulata assanhada<\/div>\n<div style=\"text-align: center;\">era bom<\/div>\n<div style=\"text-align: center;\">samba em copa<\/div>\n<div style=\"text-align: center;\">dedo duro<\/div>\n<div style=\"text-align: center;\"><\/div>\n<div style=\"text-align: center;\">.<\/div>\n","protected":false},"excerpt":{"rendered":"<p>Bom dia a todos, amigos cultos e ocultos! Segue aqui um disc\u00e3o da grande Elza Soares. Vinil lan\u00e7ado em 1961. Foi o seu terceiro lp, lan\u00e7ado pela Odeon. Um disco que como o pr\u00f3prio titulo diz \u00e9 samba e o &hellip; <a href=\"https:\/\/www.toque-musicall.com\/?p=5378\">Continue lendo <span class=\"meta-nav\">&rarr;<\/span><\/a><\/p>\n","protected":false},"author":1,"featured_media":0,"comment_status":"open","ping_status":"closed","sticky":false,"template":"","format":"standard","meta":{"footnotes":""},"categories":[61,86],"tags":[],"class_list":["post-5378","post","type-post","status-publish","format-standard","hentry","category-elza-soares","category-selo-odeon"],"_links":{"self":[{"href":"https:\/\/www.toque-musicall.com\/index.php?rest_route=\/wp\/v2\/posts\/5378","targetHints":{"allow":["GET"]}}],"collection":[{"href":"https:\/\/www.toque-musicall.com\/index.php?rest_route=\/wp\/v2\/posts"}],"about":[{"href":"https:\/\/www.toque-musicall.com\/index.php?rest_route=\/wp\/v2\/types\/post"}],"author":[{"embeddable":true,"href":"https:\/\/www.toque-musicall.com\/index.php?rest_route=\/wp\/v2\/users\/1"}],"replies":[{"embeddable":true,"href":"https:\/\/www.toque-musicall.com\/index.php?rest_route=%2Fwp%2Fv2%2Fcomments&post=5378"}],"version-history":[{"count":2,"href":"https:\/\/www.toque-musicall.com\/index.php?rest_route=\/wp\/v2\/posts\/5378\/revisions"}],"predecessor-version":[{"id":5380,"href":"https:\/\/www.toque-musicall.com\/index.php?rest_route=\/wp\/v2\/posts\/5378\/revisions\/5380"}],"wp:attachment":[{"href":"https:\/\/www.toque-musicall.com\/index.php?rest_route=%2Fwp%2Fv2%2Fmedia&parent=5378"}],"wp:term":[{"taxonomy":"category","embeddable":true,"href":"https:\/\/www.toque-musicall.com\/index.php?rest_route=%2Fwp%2Fv2%2Fcategories&post=5378"},{"taxonomy":"post_tag","embeddable":true,"href":"https:\/\/www.toque-musicall.com\/index.php?rest_route=%2Fwp%2Fv2%2Ftags&post=5378"}],"curies":[{"name":"wp","href":"https:\/\/api.w.org\/{rel}","templated":true}]}}