{"id":538,"date":"2011-03-01T09:58:00","date_gmt":"2011-03-01T09:58:00","guid":{"rendered":"http:\/\/www.toque-musicall.com\/?p=538"},"modified":"2020-05-06T06:46:43","modified_gmt":"2020-05-06T09:46:43","slug":"jose-luciano-seu-piano-e-seu-ritmo-1957","status":"publish","type":"post","link":"https:\/\/www.toque-musicall.com\/?p=538","title":{"rendered":"Jos\u00e9 Luciano &#8211; Seu Piano E Seu Ritmo (1957)"},"content":{"rendered":"\n<figure class=\"wp-block-image size-large\"><img decoding=\"async\" src=\"https:\/\/1.bp.blogspot.com\/-FhrLiN7QPic\/TWzDoqpEUII\/AAAAAAAAHwU\/ItDpAze-0WM\/s640\/Jos%25C3%25A9%2BLuciano%2BP.JPG\" alt=\"\"\/><\/figure>\n\n\n\n<figure class=\"wp-block-image size-large\"><img decoding=\"async\" src=\"https:\/\/1.bp.blogspot.com\/-ziX-Mx3NMYI\/XrKEnyGDHqI\/AAAAAAAARBY\/p_H1wQkWT_0v5tKtnTI1mrL6plS7TqNsQCEwYBhgL\/s640\/jose%2Bluciano%2BB.JPG\" alt=\"\"\/><\/figure>\n\n\n<p>Fa\u00e7a chuva ou fa\u00e7a sol, l\u00e1 vou eu (na rima) com um novo toque musical. Sem muitas delongas, tenho para hoje o pianista Jos\u00e9 Luciano Studart. Um nome, talvez, pouco conhecido ou lembrado para a maioria dos mortais. Vindo do Cear\u00e1, de uma tradicional fam\u00edlia de Fortaleza, iniciou seus estudos de piano ainda na inf\u00e2ncia. Na adolesc\u00eancia, veio morar no Rio de Janeiro, onde se encontrou totalmente com a m\u00fasica. Tocou no r\u00e1dio, na televis\u00e3o, em clubes e boates. Acompanhou os mais diversos artistas da nossa m\u00fasica. Seu piano est\u00e1 presente em muitos discos famosos. Gravou este que foi o seu primeiro lp, pela Copacabana, em 1957. Um disco bem sortido, com samba, fox, beguine e outros ritmos, dan\u00e7antes, ou n\u00e3o.<\/p>\n<p>Escolhi este lp muito por conta da postagem anterior, vi que havia nele o samba &#8220;Pois \u00e9&#8221; de Ataulfo Alves. Est\u00e3o vendo? Uma coisa leva a outra. Acabei tamb\u00e9m na curiosidade e na d\u00favida. H\u00e1 uma m\u00fasica, a primeira do lado B, de autoria de Jos\u00e9 Luciano e M\u00e1rio Fl\u00e1vio, o samba &#8220;Brasilia&#8221;. Pelo t\u00edtulo, imaginei que o disco tivesse sido lan\u00e7ado em 1960 ou 61, uma refer\u00eancia \u00e0 nova capital federal. Mas s\u00f3 que o disco \u00e9 de 1957. De onde ser\u00e1 que veio ou qual foi a raz\u00e3o desse t\u00edtulo? Deixo essas considera\u00e7\u00f5es para os amigos cultos e ocultos.<\/p>\n<div>\u00a0<\/div>\n<div>\u00a0<\/div>\n<div align=\"center\">tarde demais<\/div>\n<div align=\"center\">concei\u00e7\u00e3o<\/div>\n<div align=\"center\">love is a many splendore thing<\/div>\n<div align=\"center\">pois \u00e9<\/div>\n<div align=\"center\">crep\u00fasculo de amor<\/div>\n<div align=\"center\">teus olhos entendem os meus<\/div>\n<div align=\"center\">bras\u00edlia<\/div>\n<div align=\"center\">amar outra vez<\/div>\n<div align=\"center\">quitandinha<\/div>\n<div align=\"center\">so in love<\/div>\n<div align=\"center\">can\u00e7\u00e3o da volta<\/div>\n<div align=\"center\">dancing in the dark<\/div>\n<div align=\"center\">do-r\u00e9-mi<\/div>\n<div align=\"center\">sinfonia verde amarelo\n<p>\u00a0<\/p>\n<\/div>\n<div align=\"center\">\u00a0<\/div>\n<div align=\"center\">.<\/div>","protected":false},"excerpt":{"rendered":"<p>Fa\u00e7a chuva ou fa\u00e7a sol, l\u00e1 vou eu (na rima) com um novo toque musical. Sem muitas delongas, tenho para hoje o pianista Jos\u00e9 Luciano Studart. Um nome, talvez, pouco conhecido ou lembrado para a maioria dos mortais. Vindo do &hellip; <a href=\"https:\/\/www.toque-musicall.com\/?p=538\">Continue lendo <span class=\"meta-nav\">&rarr;<\/span><\/a><\/p>\n","protected":false},"author":1,"featured_media":0,"comment_status":"open","ping_status":"closed","sticky":false,"template":"","format":"standard","meta":{"footnotes":""},"categories":[837,152],"tags":[3108],"class_list":["post-538","post","type-post","status-publish","format-standard","hentry","category-jose-luciano","category-selo-copacabana","tag-selo-copacabana"],"_links":{"self":[{"href":"https:\/\/www.toque-musicall.com\/index.php?rest_route=\/wp\/v2\/posts\/538","targetHints":{"allow":["GET"]}}],"collection":[{"href":"https:\/\/www.toque-musicall.com\/index.php?rest_route=\/wp\/v2\/posts"}],"about":[{"href":"https:\/\/www.toque-musicall.com\/index.php?rest_route=\/wp\/v2\/types\/post"}],"author":[{"embeddable":true,"href":"https:\/\/www.toque-musicall.com\/index.php?rest_route=\/wp\/v2\/users\/1"}],"replies":[{"embeddable":true,"href":"https:\/\/www.toque-musicall.com\/index.php?rest_route=%2Fwp%2Fv2%2Fcomments&post=538"}],"version-history":[{"count":2,"href":"https:\/\/www.toque-musicall.com\/index.php?rest_route=\/wp\/v2\/posts\/538\/revisions"}],"predecessor-version":[{"id":7415,"href":"https:\/\/www.toque-musicall.com\/index.php?rest_route=\/wp\/v2\/posts\/538\/revisions\/7415"}],"wp:attachment":[{"href":"https:\/\/www.toque-musicall.com\/index.php?rest_route=%2Fwp%2Fv2%2Fmedia&parent=538"}],"wp:term":[{"taxonomy":"category","embeddable":true,"href":"https:\/\/www.toque-musicall.com\/index.php?rest_route=%2Fwp%2Fv2%2Fcategories&post=538"},{"taxonomy":"post_tag","embeddable":true,"href":"https:\/\/www.toque-musicall.com\/index.php?rest_route=%2Fwp%2Fv2%2Ftags&post=538"}],"curies":[{"name":"wp","href":"https:\/\/api.w.org\/{rel}","templated":true}]}}