{"id":5381,"date":"2016-01-05T22:58:51","date_gmt":"2016-01-06T00:58:51","guid":{"rendered":"http:\/\/www.toque-musicall.com\/?p=5381"},"modified":"2016-01-07T09:04:18","modified_gmt":"2016-01-07T11:04:18","slug":"decouvrez-le-bresil-1970","status":"publish","type":"post","link":"https:\/\/www.toque-musicall.com\/?p=5381","title":{"rendered":"D\u00e9couvrez Le Bresil (1970)"},"content":{"rendered":"<p><img loading=\"lazy\" decoding=\"async\" class=\"aligncenter\" src=\"http:\/\/4.bp.blogspot.com\/-ElrvJS81pc0\/Vo3F9TZ0d5I\/AAAAAAAAMlU\/7pLT0-OMfRM\/s640\/capap.JPG\" alt=\"\" width=\"626\" height=\"640\" \/><img loading=\"lazy\" decoding=\"async\" class=\"aligncenter\" src=\"http:\/\/1.bp.blogspot.com\/-pXp4mkujmK0\/Vo3F8gV-JhI\/AAAAAAAAMlM\/LBKQJH6lVDQ\/s640\/contrap.JPG\" alt=\"\" width=\"640\" height=\"634\" \/><\/p>\n<div class=\"separator\">Boa noite, meus queridos amigos cultos e ocultos. Hoje eu tenho aqui uma curiosidade, um disco lan\u00e7ado na Fran\u00e7a em \u00a01970 pelo selo Barclay. Trata-se de uma s\u00e9rie de registro musicais da cultura popular brasileira, extra\u00eddos &#8216;in natura&#8217;, em diversos momentos e regi\u00f5es pelo pa\u00eds. Em outros tempos era muito comum estrangeiros virem ao Brasil, armados com seus sofisticados equipamentos audiovisuais, recolhendo do Norte ao Sul toda a diversidade sonora, registrando as rodas de samba, os pagodes, as festas de reis, os forr\u00f3s, quadrilhas e tantos outros movimentos folcl\u00f3ricos e festas populares. No caso deste disco \u00e9 algo assim, um gravador e microfone na m\u00e3o, passeando pelo Brasil. Registros de ensaios de escolas de samba e carnaval do Rio de Janeiro, pontos de macumba e capoeira na Bahia, m\u00fasica caipira de S\u00e3o Paulo, reisado em Minas Gerais e registros de cantos e festas ind\u00edgenas na regi\u00e3o amaz\u00f4nica. Um apanhado sonoro musical para o entendimento do europeu sobre o que \u00e9 o Brasil, ou pelo menos aquilo que eles viam por aqui de mais interessante ou curioso nessa \u00e9poca. Curioso para eles, curioso tamb\u00e9m para n\u00f3s esta interpreta\u00e7\u00e3o e entendimento do Brasil que j\u00e1 come\u00e7a na cap<a href=\"http:\/\/depositfiles.org\/files\/1upxkmpse\" target=\"_blank\">a..<\/a>.<\/div>\n<div class=\"separator\"><\/div>\n<div class=\"separator\" style=\"text-align: center;\">batterie de l&#8217; \u00e9cole de samba portela<\/div>\n<div class=\"separator\" style=\"text-align: center;\">batterie de l&#8217;\u00e9cole de samba mangueira<\/div>\n<div class=\"separator\" style=\"text-align: center;\">d\u00e9fil\u00e9 de l&#8217;\u00e9cole de samba<\/div>\n<div class=\"separator\" style=\"text-align: center;\">macumba baixou o santo<\/div>\n<div class=\"separator\" style=\"text-align: center;\">macumba c\u00e9r\u00e9monie de mariage<\/div>\n<div class=\"separator\" style=\"text-align: center;\">macumba cantique du culte<\/div>\n<div class=\"separator\" style=\"text-align: center;\">capoeira pr\u00e9lude du berimbau<\/div>\n<div class=\"separator\" style=\"text-align: center;\">capoeira chant des lutteurs angola<\/div>\n<div class=\"separator\" style=\"text-align: center;\">chant des p\u00eacheurs a l&#8217;arrast\u00e3o<\/div>\n<div class=\"separator\" style=\"text-align: center;\">chant caipira<\/div>\n<div class=\"separator\" style=\"text-align: center;\">fl\u00fate jacui des indiens ualapiti<\/div>\n<div class=\"separator\" style=\"text-align: center;\">chant du chef. de la tribu tchikao<\/div>\n<div class=\"separator\" style=\"text-align: center;\">fl\u00fate et chant cuicuro-berceuse uaura<\/div>\n<div class=\"separator\" style=\"text-align: center;\">musique de p\u00eache sur la pirogue des indiens cuicuros<\/div>\n<div class=\"separator\" style=\"text-align: center;\"><\/div>\n<div class=\"separator\">.<\/div>\n","protected":false},"excerpt":{"rendered":"<p>Boa noite, meus queridos amigos cultos e ocultos. Hoje eu tenho aqui uma curiosidade, um disco lan\u00e7ado na Fran\u00e7a em \u00a01970 pelo selo Barclay. Trata-se de uma s\u00e9rie de registro musicais da cultura popular brasileira, extra\u00eddos &#8216;in natura&#8217;, em diversos &hellip; <a href=\"https:\/\/www.toque-musicall.com\/?p=5381\">Continue lendo <span class=\"meta-nav\">&rarr;<\/span><\/a><\/p>\n","protected":false},"author":1,"featured_media":0,"comment_status":"open","ping_status":"closed","sticky":false,"template":"","format":"standard","meta":{"footnotes":""},"categories":[2635,576],"tags":[],"class_list":["post-5381","post","type-post","status-publish","format-standard","hentry","category-decouvrez-le-bresil","category-selo-barclay"],"_links":{"self":[{"href":"https:\/\/www.toque-musicall.com\/index.php?rest_route=\/wp\/v2\/posts\/5381","targetHints":{"allow":["GET"]}}],"collection":[{"href":"https:\/\/www.toque-musicall.com\/index.php?rest_route=\/wp\/v2\/posts"}],"about":[{"href":"https:\/\/www.toque-musicall.com\/index.php?rest_route=\/wp\/v2\/types\/post"}],"author":[{"embeddable":true,"href":"https:\/\/www.toque-musicall.com\/index.php?rest_route=\/wp\/v2\/users\/1"}],"replies":[{"embeddable":true,"href":"https:\/\/www.toque-musicall.com\/index.php?rest_route=%2Fwp%2Fv2%2Fcomments&post=5381"}],"version-history":[{"count":1,"href":"https:\/\/www.toque-musicall.com\/index.php?rest_route=\/wp\/v2\/posts\/5381\/revisions"}],"predecessor-version":[{"id":5382,"href":"https:\/\/www.toque-musicall.com\/index.php?rest_route=\/wp\/v2\/posts\/5381\/revisions\/5382"}],"wp:attachment":[{"href":"https:\/\/www.toque-musicall.com\/index.php?rest_route=%2Fwp%2Fv2%2Fmedia&parent=5381"}],"wp:term":[{"taxonomy":"category","embeddable":true,"href":"https:\/\/www.toque-musicall.com\/index.php?rest_route=%2Fwp%2Fv2%2Fcategories&post=5381"},{"taxonomy":"post_tag","embeddable":true,"href":"https:\/\/www.toque-musicall.com\/index.php?rest_route=%2Fwp%2Fv2%2Ftags&post=5381"}],"curies":[{"name":"wp","href":"https:\/\/api.w.org\/{rel}","templated":true}]}}