{"id":5385,"date":"2016-01-07T11:46:23","date_gmt":"2016-01-07T13:46:23","guid":{"rendered":"http:\/\/www.toque-musicall.com\/?p=5385"},"modified":"2016-01-11T11:48:27","modified_gmt":"2016-01-11T13:48:27","slug":"brazil-musique-folklorique-du-monde-1970","status":"publish","type":"post","link":"https:\/\/www.toque-musicall.com\/?p=5385","title":{"rendered":"Brazil &#8211; Musique Folklorique Du Monde (1970)"},"content":{"rendered":"<p><img loading=\"lazy\" decoding=\"async\" class=\"aligncenter\" src=\"http:\/\/3.bp.blogspot.com\/-F68NJLAX8uM\/VpOcSr5Cl1I\/AAAAAAAAMmA\/GgF2_D3_VtY\/s640\/capap.JPG\" alt=\"\" width=\"635\" height=\"640\" \/><img loading=\"lazy\" decoding=\"async\" class=\"aligncenter\" src=\"http:\/\/4.bp.blogspot.com\/-yI7ZcMQSDn4\/VpOcSiA5W8I\/AAAAAAAAMl8\/-FZutolbzq8\/s640\/contrap.JPG\" alt=\"\" width=\"637\" height=\"640\" \/><\/p>\n<div class=\"separator\">\n<div class=\"separator\">Bom dia, amigos cultos e ocultos. Segue aqui mais um disco franc\u00eas com conte\u00fado musical brasileiro. Seguindo a mesma linha do &#8216;D\u00e9couvrez Le Br\u00e9sil&#8217;, este \u00e9 um disco que procura fazer um apanhado de diferentes ritmos e festas tradicionais brasileiras, mas acabam mesmo ficando no samba, carnaval e capoeira, que \u00e9 o que eles mais conhecem do Brasil. S\u00e3o registros feitos &#8216;in natura&#8217;, ou seja, diretamente na fonte, gravador a tiracolo e microfone na m\u00e3o. Um registro curioso e parte de uma cole\u00e7\u00e3o que eu mesmo gostaria de ter. &#8216;Musique Folklorique du Monde&#8217; traz uma s\u00e9rie com 36 discos de diferentes pa\u00edses. Outra curiosidade vai por conta da gravadora\/selo, a Musidisc, selo franc\u00eas, mas igualzinho ao brasileiro. Da\u00ed, minha d\u00favida, quem \u00e9 quem no Piau\u00ed? Ou melhor dizendo, que hist\u00f3ria \u00e9 essa? Ser\u00e1 que o Nilo S\u00e9rgio era mesmo o detentor do selo, da marca e logomarca Musidisc? Ou ser\u00e1 que ele apenas a representava aqui no Brasil? Eu sempre achei meio que mal contada essa hist\u00f3ria do artista brasileiro, vision\u00e1rio, que ap\u00f3s voltar dos Estados Unidos, resolveu criar a sua pr\u00f3pria gravadora. Por sinal, uma super gravadora, com os mais modernos est\u00fadios da \u00e9poca. Foi tamb\u00e9m a que produziu os \u00e1lbuns mais luxuosos, com encartes exclusivos, com um &#8216;cast&#8217; cheio de talentos e t\u00edtulos nacionais e internacionais. No meu entendimento, creio que o Nilo S\u00e9rgio foi apenas detentor do direito de uso da marca aqui no Brasil, muito embora, eu nunca vi nenhum disco da Musidisc francesa mais antigo que os brasileiros. Da\u00ed \u00e9 que eu pergunto: quem \u00e9 quem no Piau<a href=\"http:\/\/depositfiles.com\/files\/nvj79gj09\" target=\"_blank\">\u00ed<\/a>?<\/div>\n<div class=\"separator\"><\/div>\n<div class=\"separator\" style=\"text-align: center;\">bai\u00e3o januaria<\/div>\n<div class=\"separator\" style=\"text-align: center;\">roza vermeilha<\/div>\n<div class=\"separator\" style=\"text-align: center;\">air de carnaval<\/div>\n<div class=\"separator\" style=\"text-align: center;\">o vapor da cachoeira<\/div>\n<div class=\"separator\" style=\"text-align: center;\">air de capoeira<\/div>\n<div class=\"separator\" style=\"text-align: center;\">air de carnaval<\/div>\n<div class=\"separator\" style=\"text-align: center;\">carnval a rio<\/div>\n<div class=\"separator\" style=\"text-align: center;\">instruments de carnaval<\/div>\n<div class=\"separator\" style=\"text-align: center;\">rico conhece pobre<\/div>\n<div class=\"separator\" style=\"text-align: center;\">viola minha viola<\/div>\n<div class=\"separator\" style=\"text-align: center;\">macumba<\/div>\n<div class=\"separator\" style=\"text-align: center;\">macumba<\/div>\n<div class=\"separator\" style=\"text-align: center;\">na varginha<\/div>\n<div class=\"separator\" style=\"text-align: center;\">air de carnaval sur bahia<\/div>\n<div class=\"separator\" style=\"text-align: center;\"><\/div>\n<div class=\"separator\">.<\/div>\n<\/div>\n","protected":false},"excerpt":{"rendered":"<p>Bom dia, amigos cultos e ocultos. Segue aqui mais um disco franc\u00eas com conte\u00fado musical brasileiro. Seguindo a mesma linha do &#8216;D\u00e9couvrez Le Br\u00e9sil&#8217;, este \u00e9 um disco que procura fazer um apanhado de diferentes ritmos e festas tradicionais brasileiras, &hellip; <a href=\"https:\/\/www.toque-musicall.com\/?p=5385\">Continue lendo <span class=\"meta-nav\">&rarr;<\/span><\/a><\/p>\n","protected":false},"author":1,"featured_media":0,"comment_status":"closed","ping_status":"closed","sticky":false,"template":"","format":"standard","meta":{"footnotes":""},"categories":[2638],"tags":[],"class_list":["post-5385","post","type-post","status-publish","format-standard","hentry","category-brazil-musique-folklorique-du-monde"],"_links":{"self":[{"href":"https:\/\/www.toque-musicall.com\/index.php?rest_route=\/wp\/v2\/posts\/5385","targetHints":{"allow":["GET"]}}],"collection":[{"href":"https:\/\/www.toque-musicall.com\/index.php?rest_route=\/wp\/v2\/posts"}],"about":[{"href":"https:\/\/www.toque-musicall.com\/index.php?rest_route=\/wp\/v2\/types\/post"}],"author":[{"embeddable":true,"href":"https:\/\/www.toque-musicall.com\/index.php?rest_route=\/wp\/v2\/users\/1"}],"replies":[{"embeddable":true,"href":"https:\/\/www.toque-musicall.com\/index.php?rest_route=%2Fwp%2Fv2%2Fcomments&post=5385"}],"version-history":[{"count":2,"href":"https:\/\/www.toque-musicall.com\/index.php?rest_route=\/wp\/v2\/posts\/5385\/revisions"}],"predecessor-version":[{"id":5387,"href":"https:\/\/www.toque-musicall.com\/index.php?rest_route=\/wp\/v2\/posts\/5385\/revisions\/5387"}],"wp:attachment":[{"href":"https:\/\/www.toque-musicall.com\/index.php?rest_route=%2Fwp%2Fv2%2Fmedia&parent=5385"}],"wp:term":[{"taxonomy":"category","embeddable":true,"href":"https:\/\/www.toque-musicall.com\/index.php?rest_route=%2Fwp%2Fv2%2Fcategories&post=5385"},{"taxonomy":"post_tag","embeddable":true,"href":"https:\/\/www.toque-musicall.com\/index.php?rest_route=%2Fwp%2Fv2%2Ftags&post=5385"}],"curies":[{"name":"wp","href":"https:\/\/api.w.org\/{rel}","templated":true}]}}