{"id":539,"date":"2011-02-28T09:26:00","date_gmt":"2011-02-28T09:26:00","guid":{"rendered":"http:\/\/www.toque-musicall.com\/?p=539"},"modified":"2011-02-28T09:26:00","modified_gmt":"2011-02-28T09:26:00","slug":"ataulfo-alves-eu-ataulfo-alves-1969","status":"publish","type":"post","link":"https:\/\/www.toque-musicall.com\/?p=539","title":{"rendered":"Ataulfo Alves &#8211; Eu, Ataulfo Alves (1969)"},"content":{"rendered":"<p><a href=\"http:\/\/2.bp.blogspot.com\/-uWacFqLvwEg\/TWtqfI4sKkI\/AAAAAAAAHwI\/92tAKpWSS2I\/s1600\/ataulfo+alves+P.JPG\"><img decoding=\"async\" style=\"text-align: center; margin: 0px auto 10px; width: 399px; display: block; height: 400px;\" id=\"BLOGGER_PHOTO_ID_5578669646622239298\" alt=\"\" src=\"http:\/\/2.bp.blogspot.com\/-uWacFqLvwEg\/TWtqfI4sKkI\/AAAAAAAAHwI\/92tAKpWSS2I\/s400\/ataulfo+alves+P.JPG\" border=\"0\" \/><\/a> Bom dia, amigos cultos e ocultos! Espero mesmo que seja um bom dia. Os \u00faltimos, sinceramente n\u00e3o foram dos melhores. Como diz aquele samba do Cartola: &#8220;Quem me v\u00ea sorrindo pensa que estou alegre&#8230;&#8221; Mas eu n\u00e3o estou n\u00e3o. Est\u00e1 me voltando aquele velho estado depressivo. Se eu n\u00e3o me cuidar, n\u00e3o sei o que vai ser&#8230; Minha fuga, meu refugio, s\u00e3o talvez os 15 minutos que me dedico diariamente a compor este blog. Por mim, hoje, eu ficaria aqui sentado, ouvindo m\u00fasica, ou talvez voltasse para a cama, fugindo num sonho para um lugar que n\u00e3o existe. Desculpem a lamenta\u00e7\u00e3o, mas eu realmente n\u00e3o estou legal.<br \/>Para espantar um pouco o bode, vamos logo ao disco do dia. Escolhi para hoje e mais uma vez, o grande Ataulfo Alves. Temos aqui um raro exemplar lan\u00e7ado em 1969, pelo selo Polydor, um m\u00eas ap\u00f3s a morte do compositor. Trata-se de um registro hist\u00f3rico. S\u00e3o trechos de um depoimento dado por ele ao Museu da Imagem e do Som, quase tr\u00eas anos antes. Como disse Ricardo Cravo Albin, este lp tem a responsabilidade de mostrar algo do que o hoje lend\u00e1rio Ataulfo declarou para a hist\u00f3ria. Acompanhado apenas de seu viol\u00e3o, ele nos conta passagens importantes da sua vida e entre uma fala e outra, toca e canta alguns de seus maiores sucessos. Ta\u00ed um disco depoimento que vale a pena ouvir. Confiram&#8230;<\/p>\n<div align=\"center\">tempo perdido<\/div>\n<div align=\"center\">saudade do meu barrac\u00e3o<\/div>\n<div align=\"center\">saudade dela<\/div>\n<div align=\"center\">sei que \u00e9 covardia<\/div>\n<div align=\"center\">boemio<\/div>\n<div align=\"center\">errei&#8230; erramos<\/div>\n<div align=\"center\">bonde de s\u00e3o janu\u00e1rio<\/div>\n<div align=\"center\">leva meu samba<\/div>\n<div align=\"center\">ai! que saudades da am\u00e9lia<\/div>\n<div align=\"center\">infidelidade<\/div>\n<div align=\"center\">mulata assanhada<\/div>\n<div align=\"center\">pois \u00e9&#8230;<br \/>vai na paz de deus<\/div>\n<div align=\"center\">voc\u00ea n\u00e3o quer, nem eu<\/div>\n<div align=\"center\">lagoa serena<\/div>\n<div align=\"center\">nem que chova canivete<\/div>\n<div align=\"center\">meu pranto ningu\u00e9m v\u00ea<\/div>\n<div align=\"center\">laranja madura<\/div>\n<div align=\"center\">na cad\u00eancia do samba<\/p>\n<p><\/div>\n<div align=\"center\"> <\/div>\n<div align=\"center\"> <\/div>\n","protected":false},"excerpt":{"rendered":"<p>Bom dia, amigos cultos e ocultos! Espero mesmo que seja um bom dia. Os \u00faltimos, sinceramente n\u00e3o foram dos melhores. Como diz aquele samba do Cartola: &#8220;Quem me v\u00ea sorrindo pensa que estou alegre&#8230;&#8221; Mas eu n\u00e3o estou n\u00e3o. Est\u00e1 &hellip; <a href=\"https:\/\/www.toque-musicall.com\/?p=539\">Continue lendo <span class=\"meta-nav\">&rarr;<\/span><\/a><\/p>\n","protected":false},"author":1,"featured_media":0,"comment_status":"open","ping_status":"closed","sticky":false,"template":"","format":"standard","meta":{"footnotes":""},"categories":[101,146],"tags":[],"class_list":["post-539","post","type-post","status-publish","format-standard","hentry","category-ataulfo-alves","category-selo-polydor"],"_links":{"self":[{"href":"https:\/\/www.toque-musicall.com\/index.php?rest_route=\/wp\/v2\/posts\/539","targetHints":{"allow":["GET"]}}],"collection":[{"href":"https:\/\/www.toque-musicall.com\/index.php?rest_route=\/wp\/v2\/posts"}],"about":[{"href":"https:\/\/www.toque-musicall.com\/index.php?rest_route=\/wp\/v2\/types\/post"}],"author":[{"embeddable":true,"href":"https:\/\/www.toque-musicall.com\/index.php?rest_route=\/wp\/v2\/users\/1"}],"replies":[{"embeddable":true,"href":"https:\/\/www.toque-musicall.com\/index.php?rest_route=%2Fwp%2Fv2%2Fcomments&post=539"}],"version-history":[{"count":0,"href":"https:\/\/www.toque-musicall.com\/index.php?rest_route=\/wp\/v2\/posts\/539\/revisions"}],"wp:attachment":[{"href":"https:\/\/www.toque-musicall.com\/index.php?rest_route=%2Fwp%2Fv2%2Fmedia&parent=539"}],"wp:term":[{"taxonomy":"category","embeddable":true,"href":"https:\/\/www.toque-musicall.com\/index.php?rest_route=%2Fwp%2Fv2%2Fcategories&post=539"},{"taxonomy":"post_tag","embeddable":true,"href":"https:\/\/www.toque-musicall.com\/index.php?rest_route=%2Fwp%2Fv2%2Ftags&post=539"}],"curies":[{"name":"wp","href":"https:\/\/api.w.org\/{rel}","templated":true}]}}