{"id":5398,"date":"2016-01-17T19:56:32","date_gmt":"2016-01-17T21:56:32","guid":{"rendered":"http:\/\/www.toque-musicall.com\/?p=5398"},"modified":"2016-01-19T18:22:04","modified_gmt":"2016-01-19T20:22:04","slug":"a-musica-de-getulio-marinho-parte-1-selecao-78-rpm-do-toque-musical-vol-145-2016","status":"publish","type":"post","link":"https:\/\/www.toque-musicall.com\/?p=5398","title":{"rendered":"A M\u00fasica De Get\u00falio Marinho (parte 1) &#8211; Sele\u00e7\u00e3o 78 RPM Do Toque Musical Vol. 144 (2016)"},"content":{"rendered":"<p><img loading=\"lazy\" decoding=\"async\" class=\"aligncenter\" src=\"http:\/\/2.bp.blogspot.com\/-eE4E9pJwxPo\/Vp1evxwq_mI\/AAAAAAAAMoQ\/0ph_zQSrzmw\/s640\/CAPA%2BfP.JPG\" alt=\"\" width=\"640\" height=\"640\" \/><img loading=\"lazy\" decoding=\"async\" class=\"aligncenter\" src=\"http:\/\/2.bp.blogspot.com\/-sed900AgqUU\/Vp1evoq19oI\/AAAAAAAAMoM\/gt_qnDvE0Xk\/s640\/CONTRACAPA%2BbP.JPG\" alt=\"\" width=\"640\" height=\"640\" \/><\/p>\n<p>Iniciando com o p\u00e9 direito o ano de 2016, o Grand Record Brazil apresenta a primeira de duas partes de uma retrospectiva dedicada a um dos mais expressivos compositores de nossa m\u00fasica popular, tamb\u00e9m instrumentista e dan\u00e7arino: Get\u00falio \u201cAmor\u201d Marinho. Nosso focalizado nasceu em Salvador, Bahia, no dia 15 de novembro de 1889, o mesmo da Proclama\u00e7\u00e3o da Rep\u00fablica, recebendo na pia batismal o nome de Get\u00falio Marinho da Silva. Filho de Paulina Tereza de Jesus e Ant\u00f4nio Marinho da Silva, o \u201cMarinho que Toca\u201d, mudou-se para o Rio de Janeiro aos seis anos de idade, junto com a fam\u00edlia, \u00e9 claro. Com a mesma idade, ingressou no Rancho Dois de Ouro.\u00a0 Foi criado frequentando as casas de tias baianas como Gracinda, Bebiana, Calu Boneca e a lend\u00e1ria Ciata. Participou dos primeiros ranchos carnavalescos cariocas criados por baianos, ent\u00e3o residentes no bairro da Sa\u00fade. Get\u00falio sa\u00eda como porta-machado no Dois de Ouros, e ainda desfilava no Concha de Ouro. Frequentou as rodas de samba organizadas por baianos que se reuniam no Caf\u00e9 Para\u00edso, ent\u00e3o situado \u00e0 Rua Larga de S\u00e3o Joaquim, atual Avenida Marechal Floriano. Mestre-sala de in\u00fameros ranchos carnavalescos (Flor do Abacate, Quem Fala de N\u00f3s Tem Paix\u00e3o, Reinado de Silva), aprendeu a coreografia com o pioneiro Hil\u00e1rio Jovino Ferreira, tornando-se grande especialista nessa arte. Estava sempre vestido de forma impec\u00e1vel, com roupas de fidalgo, sapatos de fivela e salto alto, de luvas e cabeleira empoada, como se fosse algu\u00e9m vindo das cortes francesas. Sua coreografia era s\u00f3bria, sem acrobacias nem presepadas, e\u00a0 exatamente por sua finesse, recebia os aplausos do p\u00fablico presente aos desfiles. Em 1916, iniciou sua carreira art\u00edstica, atuando como dan\u00e7arino na revista \u201cDan\u00e7a de velho\u201d, encenada no Teatro S\u00e3o Jos\u00e9. Sua primeira composi\u00e7\u00e3o gravada foi o samba \u201cN\u00e3o quero amor\u201d, em 1930, pelo Conjunto Africano. Frequentou terreiros de macumba e conheceu\u00a0 pais de santo afamados, como Jo\u00e3o Alab\u00e1, Assumano e Abed\u00e9, recolhendo pontos do g\u00eanero e levando-os ao disco, juntamente com El\u00f3i Antero Dias, o Mano El\u00f3i. Outros pontos de macumba por ele compostos foram gravados por Moreira da Silva. De 1940 a 1946, Get\u00falio foi o \u201ccidad\u00e3o-samba\u201d do carnaval carioca. Entre suas composi\u00e7\u00f5es de maior sucesso, destacam-se o samba \u201cApanhando papel\u201d e a marchinha junina \u201cPula a fogueira\u201d. Era tamb\u00e9m considerado grande tocador de omel\u00ea, antigo nome da cu\u00edca. Em 1963, j\u00e1 quase esquecido, adoeceu seriamente, e foi internado no Hospital dos Servidores da ent\u00e3o Guanabara, vindo a falecer a 31 de janeiro do ano seguinte, 1964. Nesta primeira parte da retrospectiva que o GRB dedica a Get\u00falio \u201cAmor\u201d Marinho, apresentamos oito de seus pontos de macumba, um jongo e \u00a0um samba, perfazendo um total de dez fonogramas hist\u00f3ricos e importantes. Come\u00e7amos com o \u201cPonto de Inhansan\u201d (ou Ians\u00e3), que ele \u00a0gravou com seu Conjunto Africano na Odeon em 9 de mar\u00e7o de 1937, com lan\u00e7amento em junho do mesmo ano, disco 11481-A, matriz 5533. Logo em seguida temos o lado B, \u201cPonto de Ogum\u201d, matriz 5534, regrava\u00e7\u00e3o de m\u00fasica que j\u00e1 lan\u00e7ara em 1930, em dueto com Mano El\u00f3i. Foi lan\u00e7ada justamente nesse ano, mais precisamente em outubro de 30, nossa faixa seguinte, o \u201cCanto de Ex\u00fa\u201d, de dom\u00ednio p\u00fablico, igualmente pelo Conjunto Africano, disco Odeon 10690-A, matriz 3879.\u00a0 Depois temos o lado B desse disco, \u201cCanto de Ogum\u201d, outro motivo popular, matriz 3880. Apresentamos em seguida as m\u00fasicas do \u00fanico disco de Jo\u00e3o Quilomb\u00f4, o Parlophon 13400, lan\u00e7ado por volta de abril de 1932, justamente dois pontos de macumba de \u201cAmor\u201d: \u201cPisa no toco\u201d, matriz 131362, e \u201cQuilomb\u00f4\u201d, matriz 131363. \u201cVou te dar\u201d, samba do carnaval de 1933, \u00e9 uma parceria de \u201cAmor\u201d com Alceb\u00edades \u201cBide\u201d Barcellos, e foi lan\u00e7ado pela Odeon em janeiro desse ano, na voz de Luiz Barbosa, disco 10971-B, matriz 4586.\u00a0 O jongo \u201c\u00ca timbet\u00e1\u201d, de \u201cAmor\u201d sem parceiro, foi gravado na Victor por J. B. de Carvalho, acompanhado de seu Conjunto Tupi, em 27 de maio de 1936, com lan\u00e7amento em julho do mesmo ano, disco 34075-B, matriz 80168. Encerrando esta primeira parte, dois pontos de macumba que \u201cAmor\u201d comp\u00f4s com Jo\u00e3o da Baiana, interpretados pelo parceiro com seu conjunto, em grava\u00e7\u00f5es Victor de 21 de mar\u00e7o de 1938, lan\u00e7adas em maio seguinte no disco 34313. No lado A, matriz 80707, \u201cSereia\u201d, e no B, matriz 80708, \u201cFolha por folha\u201d.\u00a0 Na pr\u00f3xima edi\u00e7\u00e3o do GRB, mais um pouco da obra musical de Get\u00falio \u201cAmor\u201d Marinho. At\u00e9 l<a href=\"http:\/\/depositfiles.com\/files\/eh9kktwy1\">\u00e1<\/a>!<\/p>\n<p>* Texto de Samuel Machado Filho<\/p>\n","protected":false},"excerpt":{"rendered":"<p>Iniciando com o p\u00e9 direito o ano de 2016, o Grand Record Brazil apresenta a primeira de duas partes de uma retrospectiva dedicada a um dos mais expressivos compositores de nossa m\u00fasica popular, tamb\u00e9m instrumentista e dan\u00e7arino: Get\u00falio \u201cAmor\u201d Marinho. &hellip; <a href=\"https:\/\/www.toque-musicall.com\/?p=5398\">Continue lendo <span class=\"meta-nav\">&rarr;<\/span><\/a><\/p>\n","protected":false},"author":1,"featured_media":0,"comment_status":"closed","ping_status":"closed","sticky":false,"template":"","format":"standard","meta":{"footnotes":""},"categories":[11,2640,13],"tags":[],"class_list":["post-5398","post","type-post","status-publish","format-standard","hentry","category-exclusivos-do-toque-musical","category-getulio-marinho","category-selo-grand-record-brazil"],"_links":{"self":[{"href":"https:\/\/www.toque-musicall.com\/index.php?rest_route=\/wp\/v2\/posts\/5398","targetHints":{"allow":["GET"]}}],"collection":[{"href":"https:\/\/www.toque-musicall.com\/index.php?rest_route=\/wp\/v2\/posts"}],"about":[{"href":"https:\/\/www.toque-musicall.com\/index.php?rest_route=\/wp\/v2\/types\/post"}],"author":[{"embeddable":true,"href":"https:\/\/www.toque-musicall.com\/index.php?rest_route=\/wp\/v2\/users\/1"}],"replies":[{"embeddable":true,"href":"https:\/\/www.toque-musicall.com\/index.php?rest_route=%2Fwp%2Fv2%2Fcomments&post=5398"}],"version-history":[{"count":2,"href":"https:\/\/www.toque-musicall.com\/index.php?rest_route=\/wp\/v2\/posts\/5398\/revisions"}],"predecessor-version":[{"id":5400,"href":"https:\/\/www.toque-musicall.com\/index.php?rest_route=\/wp\/v2\/posts\/5398\/revisions\/5400"}],"wp:attachment":[{"href":"https:\/\/www.toque-musicall.com\/index.php?rest_route=%2Fwp%2Fv2%2Fmedia&parent=5398"}],"wp:term":[{"taxonomy":"category","embeddable":true,"href":"https:\/\/www.toque-musicall.com\/index.php?rest_route=%2Fwp%2Fv2%2Fcategories&post=5398"},{"taxonomy":"post_tag","embeddable":true,"href":"https:\/\/www.toque-musicall.com\/index.php?rest_route=%2Fwp%2Fv2%2Ftags&post=5398"}],"curies":[{"name":"wp","href":"https:\/\/api.w.org\/{rel}","templated":true}]}}