{"id":5401,"date":"2016-01-18T23:26:17","date_gmt":"2016-01-19T01:26:17","guid":{"rendered":"http:\/\/www.toque-musicall.com\/?p=5401"},"modified":"2024-09-08T19:04:45","modified_gmt":"2024-09-08T22:04:45","slug":"celso-zambel-espirito-da-noite-1979","status":"publish","type":"post","link":"https:\/\/www.toque-musicall.com\/?p=5401","title":{"rendered":"Celso Zambel &#8211; Esp\u00edrito Da Noite (1979)"},"content":{"rendered":"<p><img loading=\"lazy\" decoding=\"async\" class=\"aligncenter\" src=\"http:\/\/1.bp.blogspot.com\/-zo-zRLb10iA\/Vp6qor_AcMI\/AAAAAAAAMoo\/1evzFW8ZYUc\/s640\/celso%2Bzambel%2BFp.JPG\" alt=\"\" width=\"640\" height=\"627\" \/><img loading=\"lazy\" decoding=\"async\" class=\"aligncenter\" src=\"http:\/\/1.bp.blogspot.com\/-uB6tn6Gm5i0\/Vp6qocu7JEI\/AAAAAAAAMos\/c7YrLEGrKuw\/s640\/celso%2Bzambel%2BBp.JPG\" alt=\"\" width=\"637\" height=\"640\" \/><\/p>\n<p>Boa noite, meus prezados amigos cultos e ocultos! Nesta semana, se tudo der certo, pretendo por em dia alguns discos e toques prometidos e ainda n\u00e3o postados. A semana vai ser meio rock&#8217;n&#8217;roll, ou algo assim&#8230; E para come\u00e7ar, estou trazendo um disco aqui que certamente passou despercebido pelos blogs, f\u00f3runs e comunidades musicais do facebook. Um tremendo e obscuro lp lan\u00e7ado por um tamb\u00e9m obscuro artista chamado Celso Zambel. Um disco com uma super pegada, que curiosamente poucos conhecem. Nessa, eu tamb\u00e9m me incluo, pois at\u00e9 bem pouco tempo eu nunca tinha visto ou ouvido falar deste disco. Foi uma grata surpresa, que caiu nas minhas m\u00e3os por acaso, encontrei numa banca de promo\u00e7\u00f5es de um sebo, por apenas 15 reais! Sem sombra, mais uma j\u00f3ia da \u00e1rvore do rock tupiniquim que ficou na obscuridade.<br \/>\nLan\u00e7ado em 1979 pelo selo Som Livre,&#8221;Esp\u00edrito da Noite&#8221; \u00e9 um lp do cantor e compositor Celso Zambel, um artista, o qual, pouco temos informa\u00e7\u00f5es. Eu quase nada encontrei sobre ele al\u00e9m do fato de ter sido l\u00e1 por volta de 1976, o int\u00e9rprete \u00a0de &#8220;Those Shadows&#8221;, m\u00fasica que fez muito sucesso na \u00e9poca, pois tocava em hor\u00e1rio nobre da TV Globo. Era aquele tempo em que muitos artistas brasileiros gravavam m\u00fasicas em ingl\u00eas, usando pseud\u00f4nimos de estrangeiros. Nessa ocasi\u00e3o, Celso Zambel era Paul Jones. Seu compacto com essa m\u00fasica vendeu horrores.<br \/>\nEm &#8220;Esp\u00edrito da Noite&#8221; h\u00e1 tamb\u00e9m outra obscura curiosidade, o parceiro de Zambel \u00e9 o violonista Andr\u00e9 Geraissati, m\u00fasico hoje consagrado no mundo do jazz e m\u00fasica instrumental brasileira. Nessa fase e neste disco Andr\u00e9 divide com Zambel a maior parte das m\u00fasicas. Apenas os dois m\u00fasicos tocam no disco, mas fazem a gente pensar que tem um banda. Andr\u00e9 arrasa nas cordas el\u00e9tricas e ac\u00fasticas, revelando um lado rock&#8217;n&#8217;roll que muitos n\u00e3o devem conhecer. Celso Zambel, por outro lado, me faz lembrar o Ritchie, no V\u00edmana, cantando (em portugu\u00eas) como um aut\u00eantico estilo &#8216;popsinger&#8217;. Eis a\u00ed um disco que muita gente ainda precisa conhecer. E vou logo avisando, \u00e9 um lp raro, dif\u00edcil de encontrar e muito bem contado no mercado japon\u00eas. Colecionadores de vinil, fiquem espertos! Corram logo no Mercado Livre e busque os seus enquanto ainda \u00e9 realmente obscuro e barato. N\u00e3o dou um ano para que este disco tenha chegado \u00e0 cota\u00e7\u00e3o de 200 pratas. Vai vend<a href=\"http:\/\/depositfiles.org\/files\/5w2024u5s\" target=\"_blank\" rel=\"noopener\">o<\/a>&#8230;<\/p>\n<div style=\"text-align: center;\">esp\u00edrito da noite<\/div>\n<div style=\"text-align: center;\">not\u00edcia pra voc\u00ea<\/div>\n<div style=\"text-align: center;\">dr. rock and soul<\/div>\n<div style=\"text-align: center;\">divino esp\u00edrito santo<\/div>\n<div style=\"text-align: center;\">o m\u00e1gico<\/div>\n<div style=\"text-align: center;\">parada dos livres<\/div>\n<div style=\"text-align: center;\">eu n\u00e3o sei, voc\u00ea sabe?<\/div>\n<div style=\"text-align: center;\">rei do lugar<\/div>\n<div style=\"text-align: center;\">abmas<\/div>\n<div style=\"text-align: center;\">m\u00e1gica dos anos 60<\/div>\n","protected":false},"excerpt":{"rendered":"<p>Boa noite, meus prezados amigos cultos e ocultos! Nesta semana, se tudo der certo, pretendo por em dia alguns discos e toques prometidos e ainda n\u00e3o postados. A semana vai ser meio rock&#8217;n&#8217;roll, ou algo assim&#8230; E para come\u00e7ar, estou &hellip; <a href=\"https:\/\/www.toque-musicall.com\/?p=5401\">Continue lendo <span class=\"meta-nav\">&rarr;<\/span><\/a><\/p>\n","protected":false},"author":1,"featured_media":0,"comment_status":"closed","ping_status":"closed","sticky":false,"template":"","format":"standard","meta":{"footnotes":""},"categories":[2642,66],"tags":[5753,5755,3037],"class_list":["post-5401","post","type-post","status-publish","format-standard","hentry","category-andre-geraissati","category-selo-som-livre","tag-andre-geraissati","tag-celso-zambel","tag-selo-som-livre"],"_links":{"self":[{"href":"https:\/\/www.toque-musicall.com\/index.php?rest_route=\/wp\/v2\/posts\/5401","targetHints":{"allow":["GET"]}}],"collection":[{"href":"https:\/\/www.toque-musicall.com\/index.php?rest_route=\/wp\/v2\/posts"}],"about":[{"href":"https:\/\/www.toque-musicall.com\/index.php?rest_route=\/wp\/v2\/types\/post"}],"author":[{"embeddable":true,"href":"https:\/\/www.toque-musicall.com\/index.php?rest_route=\/wp\/v2\/users\/1"}],"replies":[{"embeddable":true,"href":"https:\/\/www.toque-musicall.com\/index.php?rest_route=%2Fwp%2Fv2%2Fcomments&post=5401"}],"version-history":[{"count":4,"href":"https:\/\/www.toque-musicall.com\/index.php?rest_route=\/wp\/v2\/posts\/5401\/revisions"}],"predecessor-version":[{"id":10676,"href":"https:\/\/www.toque-musicall.com\/index.php?rest_route=\/wp\/v2\/posts\/5401\/revisions\/10676"}],"wp:attachment":[{"href":"https:\/\/www.toque-musicall.com\/index.php?rest_route=%2Fwp%2Fv2%2Fmedia&parent=5401"}],"wp:term":[{"taxonomy":"category","embeddable":true,"href":"https:\/\/www.toque-musicall.com\/index.php?rest_route=%2Fwp%2Fv2%2Fcategories&post=5401"},{"taxonomy":"post_tag","embeddable":true,"href":"https:\/\/www.toque-musicall.com\/index.php?rest_route=%2Fwp%2Fv2%2Ftags&post=5401"}],"curies":[{"name":"wp","href":"https:\/\/api.w.org\/{rel}","templated":true}]}}