{"id":5418,"date":"2016-01-26T00:23:24","date_gmt":"2016-01-26T02:23:24","guid":{"rendered":"http:\/\/www.toque-musicall.com\/?p=5418"},"modified":"2016-01-26T00:59:36","modified_gmt":"2016-01-26T02:59:36","slug":"varios-rock-conexao-bahia-1988","status":"publish","type":"post","link":"https:\/\/www.toque-musicall.com\/?p=5418","title":{"rendered":"V\u00e1rios &#8211; Rock Conex\u00e3o Bahia (1988)"},"content":{"rendered":"<p><img loading=\"lazy\" decoding=\"async\" class=\"aligncenter\" src=\"http:\/\/4.bp.blogspot.com\/-qYzxSmTf4Xc\/VqWNJafZlAI\/AAAAAAAAMqQ\/KjFYTUqLI3E\/s640\/capap.JPG\" alt=\"\" width=\"640\" height=\"637\" \/><img loading=\"lazy\" decoding=\"async\" class=\"aligncenter\" src=\"http:\/\/3.bp.blogspot.com\/-GHyDE9joyaY\/VqWNHRksNcI\/AAAAAAAAMqI\/CFe_rJZVSuY\/s640\/contrap.JPG\" alt=\"\" width=\"640\" height=\"639\" \/><\/p>\n<div class=\"separator\">Ol\u00e1 amigos cultos e ocultos! Dando sequ\u00eancia aos discos de rock (ou coisa assim), tenho para hoje mais uma colet\u00e2nea interessante. Desta vez vamos para os roqueiros da Bahia. Aqui est\u00e3o sete bandas baianas do cen\u00e1rio pop\/rock de Salvador nos anos 80. O disco foi produzido e gravado por Filipe Cavalieri, que na \u00e9poca teve a preocupa\u00e7\u00e3o de registrar a efervesc\u00eancia do rock em sua cidade. Um trabalho pioneiro, visto que at\u00e9 ent\u00e3o nada havia sido produzido nesse sentido para a turma da guitarra (que n\u00e3o \u00e9 a baiana). Filipe gravou em est\u00fadio, no bairro da Liberdade, de forma independente uma leva bandas e m\u00fasicos. Selecionou um leque de sete bandas e lan\u00e7ou o disco &#8220;Rock &#8211; Conex\u00e3o Bahia&#8221;, que teve distribui\u00e7\u00e3o pela Continental, atrav\u00e9s de seu selo Gel.<\/div>\n<div class=\"separator\">\u00c9 um disco bacana, mas assim como o BHCore II, que eu apresentei nessa leva, vale mais pelo contexto hist\u00f3rico do rock local. Confiram essa, meus rei<a href=\"http:\/\/depositfiles.com\/files\/ujowfxgr2\" target=\"_blank\">s<\/a>&#8230;<\/div>\n<div class=\"separator\"><\/div>\n<div class=\"separator\"><\/div>\n<div class=\"separator\" style=\"text-align: center;\">explodindo &#8211; mois\u00e9s, ramses e os hebreus<\/div>\n<div class=\"separator\" style=\"text-align: center;\">cenas de uma tela &#8211; cravo negro<\/div>\n<div class=\"separator\" style=\"text-align: center;\">vida em carne viva &#8211; treblinka<\/div>\n<div class=\"separator\" style=\"text-align: center;\">vinho e flores &#8211; elite marginal<\/div>\n<div class=\"separator\" style=\"text-align: center;\">gravita\u00e7\u00e3o &#8211; qu\u00edron<\/div>\n<div class=\"separator\" style=\"text-align: center;\">lamento sem eco &#8211; utopia<\/div>\n<div class=\"separator\" style=\"text-align: center;\">a porta est\u00e1 aberta &#8211; 14. andar<\/div>\n<div class=\"separator\" style=\"text-align: center;\">piscina da maldade &#8211; 14. andar<\/div>\n<div class=\"separator\" style=\"text-align: center;\">podes crer &#8211; elite marginal<\/div>\n<div class=\"separator\" style=\"text-align: center;\">nosso tempo &#8211; utopia<\/div>\n<div class=\"separator\" style=\"text-align: center;\">ninfomaria &#8211; mois\u00e9s, rams\u00e9s e os hebreus<\/div>\n<div class=\"separator\" style=\"text-align: center;\">brasil com f &#8211; cravo negro<\/div>\n<div class=\"separator\" style=\"text-align: center;\">marginal indefeso &#8211; qu\u00edron<\/div>\n<div class=\"separator\" style=\"text-align: center;\">queda de sodoma &#8211; treblinka<\/div>\n<div class=\"separator\" style=\"text-align: center;\"><\/div>\n<div class=\"separator\" style=\"text-align: center;\">.<\/div>\n","protected":false},"excerpt":{"rendered":"<p>Ol\u00e1 amigos cultos e ocultos! Dando sequ\u00eancia aos discos de rock (ou coisa assim), tenho para hoje mais uma colet\u00e2nea interessante. Desta vez vamos para os roqueiros da Bahia. Aqui est\u00e3o sete bandas baianas do cen\u00e1rio pop\/rock de Salvador nos &hellip; <a href=\"https:\/\/www.toque-musicall.com\/?p=5418\">Continue lendo <span class=\"meta-nav\">&rarr;<\/span><\/a><\/p>\n","protected":false},"author":1,"featured_media":0,"comment_status":"open","ping_status":"closed","sticky":false,"template":"","format":"standard","meta":{"footnotes":""},"categories":[2657,40],"tags":[],"class_list":["post-5418","post","type-post","status-publish","format-standard","hentry","category-moises-ramses-e-os-hebreus","category-selo-continental"],"_links":{"self":[{"href":"https:\/\/www.toque-musicall.com\/index.php?rest_route=\/wp\/v2\/posts\/5418","targetHints":{"allow":["GET"]}}],"collection":[{"href":"https:\/\/www.toque-musicall.com\/index.php?rest_route=\/wp\/v2\/posts"}],"about":[{"href":"https:\/\/www.toque-musicall.com\/index.php?rest_route=\/wp\/v2\/types\/post"}],"author":[{"embeddable":true,"href":"https:\/\/www.toque-musicall.com\/index.php?rest_route=\/wp\/v2\/users\/1"}],"replies":[{"embeddable":true,"href":"https:\/\/www.toque-musicall.com\/index.php?rest_route=%2Fwp%2Fv2%2Fcomments&post=5418"}],"version-history":[{"count":2,"href":"https:\/\/www.toque-musicall.com\/index.php?rest_route=\/wp\/v2\/posts\/5418\/revisions"}],"predecessor-version":[{"id":5423,"href":"https:\/\/www.toque-musicall.com\/index.php?rest_route=\/wp\/v2\/posts\/5418\/revisions\/5423"}],"wp:attachment":[{"href":"https:\/\/www.toque-musicall.com\/index.php?rest_route=%2Fwp%2Fv2%2Fmedia&parent=5418"}],"wp:term":[{"taxonomy":"category","embeddable":true,"href":"https:\/\/www.toque-musicall.com\/index.php?rest_route=%2Fwp%2Fv2%2Fcategories&post=5418"},{"taxonomy":"post_tag","embeddable":true,"href":"https:\/\/www.toque-musicall.com\/index.php?rest_route=%2Fwp%2Fv2%2Ftags&post=5418"}],"curies":[{"name":"wp","href":"https:\/\/api.w.org\/{rel}","templated":true}]}}