{"id":542,"date":"2011-02-25T09:29:00","date_gmt":"2011-02-25T09:29:00","guid":{"rendered":"http:\/\/www.toque-musicall.com\/?p=542"},"modified":"2011-02-25T09:29:00","modified_gmt":"2011-02-25T09:29:00","slug":"deo-lopes-voar-1981-certos-caminhos-1984","status":"publish","type":"post","link":"https:\/\/www.toque-musicall.com\/?p=542","title":{"rendered":"Deo Lopes &#8211; Voar (1981) &#038; Certos Caminhos (1984)"},"content":{"rendered":"<p><a href=\"http:\/\/4.bp.blogspot.com\/-YXeNTeh1i2o\/TWd5X3W3C9I\/AAAAAAAAHvQ\/TsbMOmdswhQ\/s1600\/deo+lopes+F+%2528original%2529+p.JPG\"><img decoding=\"async\" style=\"TEXT-ALIGN: center; MARGIN: 0px auto 10px; WIDTH: 388px; DISPLAY: block; HEIGHT: 400px; CURSOR: hand\" id=\"BLOGGER_PHOTO_ID_5577560114425433042\" border=\"0\" alt=\"\" src=\"http:\/\/4.bp.blogspot.com\/-YXeNTeh1i2o\/TWd5X3W3C9I\/AAAAAAAAHvQ\/TsbMOmdswhQ\/s400\/deo+lopes+F+%2528original%2529+p.JPG\" \/><\/a><a href=\"http:\/\/2.bp.blogspot.com\/-VfcQJqtOFHE\/TWd5C5ZhNLI\/AAAAAAAAHvI\/TeF4Im6eK0Y\/s1600\/certo+caminhos+P.JPG\"><img decoding=\"async\" style=\"TEXT-ALIGN: center; MARGIN: 0px auto 10px; WIDTH: 399px; DISPLAY: block; HEIGHT: 400px; CURSOR: hand\" id=\"BLOGGER_PHOTO_ID_5577559754196202674\" border=\"0\" alt=\"\" src=\"http:\/\/2.bp.blogspot.com\/-VfcQJqtOFHE\/TWd5C5ZhNLI\/AAAAAAAAHvI\/TeF4Im6eK0Y\/s400\/certo+caminhos+P.JPG\" \/><\/a><a href=\"http:\/\/3.bp.blogspot.com\/-y2dixDnWt_c\/TWd44QK4CRI\/AAAAAAAAHvA\/lJg2ZHd6UpA\/s1600\/certo+caminhos+BF.JPG\"><img decoding=\"async\" style=\"TEXT-ALIGN: center; MARGIN: 0px auto 10px; WIDTH: 394px; DISPLAY: block; HEIGHT: 400px; CURSOR: hand\" id=\"BLOGGER_PHOTO_ID_5577559571330238738\" border=\"0\" alt=\"\" src=\"http:\/\/3.bp.blogspot.com\/-y2dixDnWt_c\/TWd44QK4CRI\/AAAAAAAAHvA\/lJg2ZHd6UpA\/s400\/certo+caminhos+BF.JPG\" \/><\/a>Bom dia a todos! Finalmente sexta feira! E antes que eu me esque\u00e7a, amanh\u00e3 \u00e9 dia de Feira do Vinil l\u00e1 na Discoteca P\u00fablica, que fica na Rua Machado 207 \u2013 Bairro Floresta (pr\u00f3ximo ao Col\u00e9gio Batista). A feira que \u00e9 mais uma festa vai rolar durante todo o dia, de 10 \u00e0s 17 horas. Quem estiver em Bel\u00f4, n\u00e3o pode perder!<br \/>Na semana passada eu estive na cidade de Tiradentes participando do Festival Foto Em Pauta e fiquei na pousada do meu amigo Carlos Moraes. Fiquei conhecendo ele atrav\u00e9s do blog. Foi ele quem doou, para mim, a cole\u00e7\u00e3o completa da &#8220;Hist\u00f3ria da M\u00fasica Popular Brasileira&#8221;, da Abril Cultural. Ele \u00e9 de Sampa, mas h\u00e1 coisa de uns tr\u00eas anos resolveu trocar o agito da cidade paulista pelo agito da cidadezinha mineira. T\u00e1 por l\u00e1 tocando a vida e nesse nosso reencontro, mais uma vez rendeu novos discos. Desta vez ele me emprestou uma s\u00e9rie de discos (os quais eu prometi devolv\u00ea-los na pr\u00f3xima vez que for \u00e0 Tiradentes). Ele deixou comigo, por exemplo, os primeiros discos do excelente cantor e compositor D\u00e9o Lopes. Eles foram muito amigos e inclusive a capa do seu primeiro \u00e1lbum, &#8220;Voar&#8221; \u00e9 de autoria do Carlos. Segundo ele, o desenho original era em preto e branco, o D\u00e9o foi quem resolveu mudar para o azul, o que faz sentido, considerando o t\u00edtulo do \u00e1lbum. Mesmo assim e em homenagem ao meu amigo, decidi publicar nesta postagem a capa no preto e branco.<a href=\"http:\/\/2.bp.blogspot.com\/-CPtg2EGZEjQ\/TWd3OXUXOfI\/AAAAAAAAHu0\/gxAGwX4S6S4\/s1600\/deo+lopes.JPG\"><img decoding=\"async\" style=\"MARGIN: 0px 10px 10px 0px; WIDTH: 200px; FLOAT: left; HEIGHT: 198px; CURSOR: hand\" id=\"BLOGGER_PHOTO_ID_5577557752182946290\" border=\"0\" alt=\"\" src=\"http:\/\/2.bp.blogspot.com\/-CPtg2EGZEjQ\/TWd3OXUXOfI\/AAAAAAAAHu0\/gxAGwX4S6S4\/s200\/deo+lopes.JPG\" \/><\/a> No embalo, resolvi tamb\u00e9m incluir uma &#8216;repostagem&#8217;, o \u00e1lbum &#8220;Certos Caminhos&#8221;, de 1984. O exemplar que eu tenho \u00e9 diferente do que o Carlos me emprestou. \u00c9 uma edi\u00e7\u00e3o especial, com uma capa diferente. D\u00e9o lan\u00e7ou &#8220;Certos Caminhos&#8221; trazendo tamb\u00e9m esta capa de s\u00e9rie limitada, com o trabalho do artista pl\u00e1stico F\u00e1bio Pace. Trata-se de uma esp\u00e9cie de pintura em alto relevo, onde para cada exemplar houve um resultado diferente e exclusivo. Enfim, um \u00e1lbum de arte (e para poucos!). Infelizmente, este eu vou ter que devolver.<br \/>D\u00e9o Lopes \u00e9 um artista paulista, nascido na cidade de Santo Antonio da Alegria, no Vale do Para\u00edba. Mas ouvindo sua m\u00fasica, quem n\u00e3o o conhece, vai dizer que \u00e9 mineiro. Isso se deve muito ao fato de que ele \u00e9 um m\u00fasico com muitas paradas, assimilando um pouco de cada lugar por onde passa. Sua m\u00fasica \u00e9 extremamente agrad\u00e1vel e de uma assimila\u00e7\u00e3o bem natural. Em &#8220;Voar&#8221;, seu primeiro trabalho, ele traz doze m\u00fasicas, sendo nove delas de sua autoria ou parceria, onde nessas \u00e9 apenas o letrista. Neste lp participam os irm\u00e3o Dante e N\u00e1 Ozzetti, no c\u00f4ro e percuss\u00e3o. Eis a\u00ed um trabalho independente da melhor qualidade. Ali\u00e1s, um n\u00e3o, dois! Tem tamb\u00e9m a reprise do delicioso &#8220;Certos Caminhos&#8221;. Quem ainda n\u00e3o os ouviu em outras fontes, n\u00e3o deixe de conferir por aqui. Eu recomendo&#8230; \ud83d\ude09<\/p>\n<div align=\"center\">Voar:<\/div>\n<div align=\"center\">canto de agora<\/div>\n<div align=\"center\">voar<\/div>\n<div align=\"center\">a qu\u00edmica e o drama<\/div>\n<div align=\"center\">p\u00e9s no ch\u00e3o<\/div>\n<div align=\"center\">a lua \u00e9 de luiza<\/div>\n<div align=\"center\">larissa<\/div>\n<div align=\"center\">dia de festa<\/div>\n<div align=\"center\">heran\u00e7a<\/div>\n<div align=\"center\">nos olhos da serra<\/div>\n<div align=\"center\">um bom partido<\/div>\n<div align=\"center\">tassiana e rafael<\/div>\n<div align=\"center\">retratos<\/div>\n<p><\/p>\n<div align=\"center\"><\/div>\n<div align=\"center\">Certos Caminhos:<\/div>\n<div align=\"center\">tesouro da terra <\/div>\n<div align=\"center\">certos caminos<\/div>\n<div align=\"center\">o raio rubi que a rom\u00e3 reluz<\/div>\n<div align=\"center\">pac\u00edfica<\/div>\n<div align=\"center\">can\u00e7\u00e3o da quatro luas<\/div>\n<div align=\"center\">bicho branco<\/div>\n<div align=\"center\">voar\u00e1s<\/div>\n<div align=\"center\">boca de minas<\/div>\n<div align=\"center\">respire fundo<\/div>\n<div align=\"center\">ponto de cruz<\/div>\n<div align=\"center\">bicho branco<\/div>\n<div align=\"center\">aquela estrela<\/div>\n<p><\/p>\n<div align=\"center\"><\/div>\n<div align=\"center\"> <\/div>\n","protected":false},"excerpt":{"rendered":"<p>Bom dia a todos! Finalmente sexta feira! E antes que eu me esque\u00e7a, amanh\u00e3 \u00e9 dia de Feira do Vinil l\u00e1 na Discoteca P\u00fablica, que fica na Rua Machado 207 \u2013 Bairro Floresta (pr\u00f3ximo ao Col\u00e9gio Batista). A feira que &hellip; <a href=\"https:\/\/www.toque-musicall.com\/?p=542\">Continue lendo <span class=\"meta-nav\">&rarr;<\/span><\/a><\/p>\n","protected":false},"author":1,"featured_media":0,"comment_status":"open","ping_status":"closed","sticky":false,"template":"","format":"standard","meta":{"footnotes":""},"categories":[228],"tags":[],"class_list":["post-542","post","type-post","status-publish","format-standard","hentry","category-deo-lopes"],"_links":{"self":[{"href":"https:\/\/www.toque-musicall.com\/index.php?rest_route=\/wp\/v2\/posts\/542","targetHints":{"allow":["GET"]}}],"collection":[{"href":"https:\/\/www.toque-musicall.com\/index.php?rest_route=\/wp\/v2\/posts"}],"about":[{"href":"https:\/\/www.toque-musicall.com\/index.php?rest_route=\/wp\/v2\/types\/post"}],"author":[{"embeddable":true,"href":"https:\/\/www.toque-musicall.com\/index.php?rest_route=\/wp\/v2\/users\/1"}],"replies":[{"embeddable":true,"href":"https:\/\/www.toque-musicall.com\/index.php?rest_route=%2Fwp%2Fv2%2Fcomments&post=542"}],"version-history":[{"count":0,"href":"https:\/\/www.toque-musicall.com\/index.php?rest_route=\/wp\/v2\/posts\/542\/revisions"}],"wp:attachment":[{"href":"https:\/\/www.toque-musicall.com\/index.php?rest_route=%2Fwp%2Fv2%2Fmedia&parent=542"}],"wp:term":[{"taxonomy":"category","embeddable":true,"href":"https:\/\/www.toque-musicall.com\/index.php?rest_route=%2Fwp%2Fv2%2Fcategories&post=542"},{"taxonomy":"post_tag","embeddable":true,"href":"https:\/\/www.toque-musicall.com\/index.php?rest_route=%2Fwp%2Fv2%2Ftags&post=542"}],"curies":[{"name":"wp","href":"https:\/\/api.w.org\/{rel}","templated":true}]}}