{"id":543,"date":"2011-02-24T10:06:00","date_gmt":"2011-02-24T10:06:00","guid":{"rendered":"http:\/\/www.toque-musicall.com\/?p=543"},"modified":"2011-02-24T10:06:00","modified_gmt":"2011-02-24T10:06:00","slug":"marilia-batista-poeta-da-vila-1953","status":"publish","type":"post","link":"https:\/\/www.toque-musicall.com\/?p=543","title":{"rendered":"Marilia Batista &#8211; Poeta Da Vila (1953)"},"content":{"rendered":"<p><a href=\"http:\/\/4.bp.blogspot.com\/-YuEfv0DneQQ\/TWYtwQbyB6I\/AAAAAAAAHuc\/ri6EEKsLJPE\/s1600\/marilia+batista+P.JPG\"><img decoding=\"async\" style=\"text-align: center; margin: 0px auto 10px; width: 400px; display: block; height: 391px;\" id=\"BLOGGER_PHOTO_ID_5577195495613400994\" alt=\"\" src=\"http:\/\/4.bp.blogspot.com\/-YuEfv0DneQQ\/TWYtwQbyB6I\/AAAAAAAAHuc\/ri6EEKsLJPE\/s400\/marilia+batista+P.JPG\" border=\"0\" \/><\/a> Bom dia, amigos cultos e ocultos! Hoje eu trago para voc\u00eas um disco raro e bem interessante. Como j\u00e1 se pode ver pela capa, temos aqui um Noel Rosa na voz de uma de suas int\u00e9rpretes favoritas, a cantora e compositora Mar\u00edlia Batista. <a href=\"http:\/\/2.bp.blogspot.com\/-PygYZbX1Gng\/TWY3DxYaPPI\/AAAAAAAAHuo\/2zQ8kMeP5HQ\/s1600\/disco+2p.JPG\"><img decoding=\"async\" style=\"margin: 0px 10px 10px 0px; width: 200px; float: left; height: 177px;\" id=\"BLOGGER_PHOTO_ID_5577205726479793394\" alt=\"\" src=\"http:\/\/2.bp.blogspot.com\/-PygYZbX1Gng\/TWY3DxYaPPI\/AAAAAAAAHuo\/2zQ8kMeP5HQ\/s200\/disco+2p.JPG\" border=\"0\" \/><\/a>Este \u00e1lbum, primeiro lan\u00e7amento em &#8216;long play&#8217; de 10 polegadas do selo R\u00e1dio, saiu em 1953, trazendo de volta a cantora que se encontrava afastada j\u00e1 h\u00e1 v\u00e1rios anos dos est\u00fadios. No \u00e1lbum de oito faixas, cinco das s\u00e3o interpretadas por ela. As demais s\u00e3o apenas orquestradas e ficam por conta do Maestro Aldo Taranto, que foi quem cuidou de toda a dire\u00e7\u00e3o, fazendo os arranjos e orquestra\u00e7\u00e3o.<br \/>Uma curiosidade que me chamou a aten\u00e7\u00e3o \u00e9 que al\u00e9m de ser este um dos primeiros &#8216;lps&#8217; lan\u00e7ados no Brasil, foi tamb\u00e9m o primeiro vinil mesclado, com manchas brancas, lembrando bem os discos de edi\u00e7\u00f5es especiais, que mais adiante viriam a aparecer no mercado. Eu sempre acreditei que fosse um disco com defeito na fabrica\u00e7\u00e3o, at\u00e9 o dia em que vi outros exemplares do mesmo \u00e1lbum. Imagino que o mesmo deve ter passado pela cabe\u00e7a daqueles que tamb\u00e9m adquiriram o disquinho. Mas roda que \u00e9 uma beleza! Quer conferir?<\/p>\n<div align=\"center\">feitio de ora\u00e7\u00e3o<\/div>\n<div align=\"center\">at\u00e9 amanh\u00e3<\/div>\n<div align=\"center\">quando o samba acabou<\/div>\n<div align=\"center\">pra esquecer<\/div>\n<div align=\"center\">com que roupa<\/div>\n<div align=\"center\">quem ri melhor<\/div>\n<div align=\"center\">pela primeira vez<\/div>\n<div align=\"center\">dama do cabar\u00e9<\/p>\n<p><\/div>\n<div align=\"center\"> <\/div>\n<div align=\"center\"> <\/div>\n","protected":false},"excerpt":{"rendered":"<p>Bom dia, amigos cultos e ocultos! Hoje eu trago para voc\u00eas um disco raro e bem interessante. Como j\u00e1 se pode ver pela capa, temos aqui um Noel Rosa na voz de uma de suas int\u00e9rpretes favoritas, a cantora e &hellip; <a href=\"https:\/\/www.toque-musicall.com\/?p=543\">Continue lendo <span class=\"meta-nav\">&rarr;<\/span><\/a><\/p>\n","protected":false},"author":1,"featured_media":0,"comment_status":"open","ping_status":"closed","sticky":false,"template":"","format":"standard","meta":{"footnotes":""},"categories":[794,765,678,221],"tags":[],"class_list":["post-543","post","type-post","status-publish","format-standard","hentry","category-aldo-taranto","category-marilia-batista","category-noel-rosa","category-selo-radio"],"_links":{"self":[{"href":"https:\/\/www.toque-musicall.com\/index.php?rest_route=\/wp\/v2\/posts\/543","targetHints":{"allow":["GET"]}}],"collection":[{"href":"https:\/\/www.toque-musicall.com\/index.php?rest_route=\/wp\/v2\/posts"}],"about":[{"href":"https:\/\/www.toque-musicall.com\/index.php?rest_route=\/wp\/v2\/types\/post"}],"author":[{"embeddable":true,"href":"https:\/\/www.toque-musicall.com\/index.php?rest_route=\/wp\/v2\/users\/1"}],"replies":[{"embeddable":true,"href":"https:\/\/www.toque-musicall.com\/index.php?rest_route=%2Fwp%2Fv2%2Fcomments&post=543"}],"version-history":[{"count":0,"href":"https:\/\/www.toque-musicall.com\/index.php?rest_route=\/wp\/v2\/posts\/543\/revisions"}],"wp:attachment":[{"href":"https:\/\/www.toque-musicall.com\/index.php?rest_route=%2Fwp%2Fv2%2Fmedia&parent=543"}],"wp:term":[{"taxonomy":"category","embeddable":true,"href":"https:\/\/www.toque-musicall.com\/index.php?rest_route=%2Fwp%2Fv2%2Fcategories&post=543"},{"taxonomy":"post_tag","embeddable":true,"href":"https:\/\/www.toque-musicall.com\/index.php?rest_route=%2Fwp%2Fv2%2Ftags&post=543"}],"curies":[{"name":"wp","href":"https:\/\/api.w.org\/{rel}","templated":true}]}}