{"id":5431,"date":"2016-01-30T08:23:41","date_gmt":"2016-01-30T10:23:41","guid":{"rendered":"http:\/\/www.toque-musicall.com\/?p=5431"},"modified":"2016-02-01T07:18:06","modified_gmt":"2016-02-01T09:18:06","slug":"trio-espacial-trio-eletrico-dodo-osmar-1988","status":"publish","type":"post","link":"https:\/\/www.toque-musicall.com\/?p=5431","title":{"rendered":"Trio Espacial &#8211; Trio El\u00e9trico Dod\u00f4 &#038; Osmar (1988)"},"content":{"rendered":"<p><img loading=\"lazy\" decoding=\"async\" class=\"aligncenter\" src=\"http:\/\/4.bp.blogspot.com\/-cp4x4v1XpOk\/Vq116dLyxEI\/AAAAAAAAMtI\/L30me6Elw4I\/s640\/capap.JPG\" alt=\"\" width=\"640\" height=\"639\" \/><img loading=\"lazy\" decoding=\"async\" class=\"aligncenter\" src=\"http:\/\/3.bp.blogspot.com\/-dPu-HYeZyGM\/Vq117fqDlgI\/AAAAAAAAMtQ\/IR7YHn3Cnn4\/s640\/contrap.JPG\" alt=\"\" width=\"633\" height=\"640\" \/><\/p>\n<p>Ol\u00e1 amigos cultos e ocultos! Enfim, vamos dando uma pausa nas guitarras e focando no momento que \u00e9 de carnaval. Estrategicamente escolhi para hoje um disco para marcar a transi\u00e7\u00e3o do rock para o som da folia, a m\u00fasica inspirada no Trio El\u00e9trico de Dod\u00f4 e Osmar. A guitarra continua, mas dessa vez ela \u00e9 baiana. Vamos no embalo de dois trios. De um lado o Trio Espacial e do outro o Trio El\u00e9trico Dod\u00f4 &amp; Osmar. N\u00e3o confundir como o original, o Trio El\u00e9trico de&#8217; Dod\u00f4 &amp; Osmar. Este \u00e9 um trabalho dos irm\u00e3os Aroldo e Armandinho Macedo, filhos de Osmar. Os dois, integrantes do grupo A Cor do Som (que foi oque faltou aqui em nossa mostra de influencias rock&#8217;n&#8217;roll). Uma produ\u00e7\u00e3o de Aroldo Macedo, com participa\u00e7\u00e3o especial de Armandinho e Moraes Moreira.<br \/>\nNeste lp, lan\u00e7ado em 1988 pelo selo SBK vamos encontrar um trio el\u00e9trico &#8216;remodelado&#8217;. Uma releitura musical que eleva o trio el\u00e9trico a um estilo pr\u00f3prio, caracterizado principalmente pela tal guitarrinha baiana, a qual n\u00e3o h\u00e1 melhores representantes e interpretes que os irm\u00e3os Macedo. A m\u00fasica do trio el\u00e9trico, aqui, ultrapassa a um simples g\u00eanero carnavalesco. Vai al\u00e9m dos dias de Carnav<a href=\"http:\/\/depositfiles.com\/files\/jez1r1pcy\" target=\"_blank\">al<\/a>.<\/p>\n<div style=\"text-align: center;\">trio espacial<\/div>\n<div style=\"text-align: center;\">paz de esp\u00edrito<\/div>\n<div style=\"text-align: center;\">um beijo na vit\u00f3ria<\/div>\n<div style=\"text-align: center;\">\u00e9 carnaval o ano inteiro<\/div>\n<div style=\"text-align: center;\">deus do fogo e da justi\u00e7a<\/div>\n<div style=\"text-align: center;\">baticum do olodum<\/div>\n<div style=\"text-align: center;\">aquidab\u00e3<\/div>\n<div style=\"text-align: center;\">fases<\/div>\n<div style=\"text-align: center;\">manda dizer<\/div>\n<div style=\"text-align: center;\">amar \u00e9<\/div>\n<div style=\"text-align: center;\"><\/div>\n<div style=\"text-align: center;\">.<\/div>\n","protected":false},"excerpt":{"rendered":"<p>Ol\u00e1 amigos cultos e ocultos! Enfim, vamos dando uma pausa nas guitarras e focando no momento que \u00e9 de carnaval. Estrategicamente escolhi para hoje um disco para marcar a transi\u00e7\u00e3o do rock para o som da folia, a m\u00fasica inspirada &hellip; <a href=\"https:\/\/www.toque-musicall.com\/?p=5431\">Continue lendo <span class=\"meta-nav\">&rarr;<\/span><\/a><\/p>\n","protected":false},"author":1,"featured_media":0,"comment_status":"open","ping_status":"closed","sticky":false,"template":"","format":"standard","meta":{"footnotes":""},"categories":[1270,2662,1240],"tags":[],"class_list":["post-5431","post","type-post","status-publish","format-standard","hentry","category-armandinho","category-selo-sbk","category-trio-eletrico"],"_links":{"self":[{"href":"https:\/\/www.toque-musicall.com\/index.php?rest_route=\/wp\/v2\/posts\/5431","targetHints":{"allow":["GET"]}}],"collection":[{"href":"https:\/\/www.toque-musicall.com\/index.php?rest_route=\/wp\/v2\/posts"}],"about":[{"href":"https:\/\/www.toque-musicall.com\/index.php?rest_route=\/wp\/v2\/types\/post"}],"author":[{"embeddable":true,"href":"https:\/\/www.toque-musicall.com\/index.php?rest_route=\/wp\/v2\/users\/1"}],"replies":[{"embeddable":true,"href":"https:\/\/www.toque-musicall.com\/index.php?rest_route=%2Fwp%2Fv2%2Fcomments&post=5431"}],"version-history":[{"count":5,"href":"https:\/\/www.toque-musicall.com\/index.php?rest_route=\/wp\/v2\/posts\/5431\/revisions"}],"predecessor-version":[{"id":5436,"href":"https:\/\/www.toque-musicall.com\/index.php?rest_route=\/wp\/v2\/posts\/5431\/revisions\/5436"}],"wp:attachment":[{"href":"https:\/\/www.toque-musicall.com\/index.php?rest_route=%2Fwp%2Fv2%2Fmedia&parent=5431"}],"wp:term":[{"taxonomy":"category","embeddable":true,"href":"https:\/\/www.toque-musicall.com\/index.php?rest_route=%2Fwp%2Fv2%2Fcategories&post=5431"},{"taxonomy":"post_tag","embeddable":true,"href":"https:\/\/www.toque-musicall.com\/index.php?rest_route=%2Fwp%2Fv2%2Ftags&post=5431"}],"curies":[{"name":"wp","href":"https:\/\/api.w.org\/{rel}","templated":true}]}}