{"id":544,"date":"2011-02-23T10:13:00","date_gmt":"2011-02-23T10:13:00","guid":{"rendered":"http:\/\/www.toque-musicall.com\/?p=544"},"modified":"2011-02-23T10:13:00","modified_gmt":"2011-02-23T10:13:00","slug":"jose-tobias-rapsodia-brasileira-1984","status":"publish","type":"post","link":"https:\/\/www.toque-musicall.com\/?p=544","title":{"rendered":"Jos\u00e9 Tobias &#8211; Raps\u00f3dia Brasileira (1984)"},"content":{"rendered":"<p><a href=\"http:\/\/4.bp.blogspot.com\/-R_hPg3JAs1I\/TWTeRG0hnjI\/AAAAAAAAHuQ\/8KK1LZCVWHE\/s1600\/jose+P.JPG\"><img decoding=\"async\" style=\"TEXT-ALIGN: center; MARGIN: 0px auto 10px; WIDTH: 400px; DISPLAY: block; HEIGHT: 400px; CURSOR: hand\" id=\"BLOGGER_PHOTO_ID_5576826624061578802\" border=\"0\" alt=\"\" src=\"http:\/\/4.bp.blogspot.com\/-R_hPg3JAs1I\/TWTeRG0hnjI\/AAAAAAAAHuQ\/8KK1LZCVWHE\/s400\/jose+P.JPG\" \/><\/a> Muito bom dia, amigos cultos e ocultos! Esse pessoal do Blogger t\u00e1 de sacanagem com a gente, s\u00f3 pode&#8230; Sua ferramenta &#8216;anti spam&#8217; s\u00f3 detecta os meus toques celestiais. De agora para frente vai ser assim, terei que verificar, horas depois, se o &#8216;toque musical&#8217; permanece no coment\u00e1rios. N\u00e3o adianta certificar isso na hora, s\u00f3 fico sabendo quando algu\u00e9m d\u00e1 o grito.<br \/>Continuando nosso sortimento musical da semana, vamos hoje com mais um pernambucano, o grande cantor Jos\u00e9 Tobias, acompanhado por Radam\u00e9s Gnattali, Octeto Brasilis e a Camerata Carioca. Um disco com um time desses s\u00f3 podia mesmo ser uma produ\u00e7\u00e3o de Herm\u00ednio Bello de Carvalho. Em sua apresenta\u00e7\u00e3o, no texto da contracapa, ele nos conta que a ideia foi produzir num disco &#8220;uma raps\u00f3dia, despudoradamente ufanista e rom\u00e2ntica&#8221;, a qual seria entregue a um grande cantor. Uma raps\u00f3dia em dois movimentos, reunindo algumas das mais conhecidas melodias do nosso cancioneiro, interligadas tematicamente (no disco, n\u00e3o h\u00e1 pausa entre uma m\u00fasica e outra). Herm\u00ednio ent\u00e3o escalou Jos\u00e9 Tobias, &#8220;um cantor de mil cantorias&#8221;, Radam\u00e9s Gnattali para os arranjos e reg\u00eancia, o Octeto Brasilis (formado por Radam\u00e9s &#8211; piano; Aloisio de Vasconcelos &#8211; teclados; Rafael Rabello &#8211; viol\u00e3o 7; Helio Capucci &#8211; viol\u00e3o 6; Wanda Cristina Eichbauer &#8211; harpa; Braz Limonge Filho &#8211; obo\u00e9; Zeca Assump\u00e7\u00e3o &#8211; contrabaixo e Wilson das Neves &#8211; bateria) e a Camerata Carioca (formada por Joel Nascimento &#8211; bandolim; Joaquim dos Santos Neto &#8211; viol\u00e3o; Maur\u00edcio Carrilho &#8211; viol\u00e3o baixo; Luiz Ot\u00e1vio Braga &#8211; viol\u00e3o 7; Henrique leal Cazes &#8211; cavaquinho; Dazinho &#8211; flauta e Beto Cazes &#8211; percurss\u00e3o). Com um time desses, n\u00e3o precisa nem ficar na d\u00favida, \u00e9 ouvir e gostar. N\u00e3o \u00e9 um trabalho comercial, ou ainda, feito para tocar no r\u00e1dio. Segundo Herm\u00ednio, &#8220;feito para tocar os cora\u00e7\u00f5es&#8221;. Ele realmente conseguiu. Uma bela produ\u00e7\u00e3o independente que teima em aparecer no TM antes da sexta feira. Confiram a p\u00e9rola&#8230;<\/p>\n<div align=\"center\">1\u00ba movimento: sertaneja<\/div>\n<div align=\"center\">meu caboclo<\/div>\n<div align=\"center\">onde o c\u00e9u azul \u00e9 mais azul<\/div>\n<div align=\"center\">minha terra<\/div>\n<div align=\"center\">sertaneja<\/div>\n<div align=\"center\">a \u00faltima estrofe<\/div>\n<div align=\"center\">luar do sert\u00e3o<\/div>\n<div align=\"center\">isso \u00e9 o brasil<\/div>\n<div align=\"center\">canta brasil<\/div>\n<div align=\"center\">2\u00ba movimento: modinheira<\/div>\n<div align=\"center\">azul\u00e3o (de jaime ovalle e manuel bandeira)<\/div>\n<div align=\"center\">maninha<\/div>\n<div align=\"center\">casinha pequenina<\/div>\n<div align=\"center\">modinha (de jaime ovalle e manuel bandeira)<\/div>\n<div align=\"center\">modinha (de sergio bittencourt)<\/div>\n<div align=\"center\">azul\u00e3o (de hekel tavares e luiz peixoto)<\/div>\n<div align=\"center\">azul\u00e3o (de jaime ovalle e manuel bandeira)<\/div>\n<div align=\"center\"> <\/div>\n<div align=\"center\"> <\/div>\n","protected":false},"excerpt":{"rendered":"<p>Muito bom dia, amigos cultos e ocultos! Esse pessoal do Blogger t\u00e1 de sacanagem com a gente, s\u00f3 pode&#8230; Sua ferramenta &#8216;anti spam&#8217; s\u00f3 detecta os meus toques celestiais. De agora para frente vai ser assim, terei que verificar, horas &hellip; <a href=\"https:\/\/www.toque-musicall.com\/?p=544\">Continue lendo <span class=\"meta-nav\">&rarr;<\/span><\/a><\/p>\n","protected":false},"author":1,"featured_media":0,"comment_status":"open","ping_status":"closed","sticky":false,"template":"","format":"standard","meta":{"footnotes":""},"categories":[840,91,841,396],"tags":[],"class_list":["post-544","post","type-post","status-publish","format-standard","hentry","category-camerata-carioca","category-jose-tobias","category-octeto-brasilis","category-radames-gnattali"],"_links":{"self":[{"href":"https:\/\/www.toque-musicall.com\/index.php?rest_route=\/wp\/v2\/posts\/544","targetHints":{"allow":["GET"]}}],"collection":[{"href":"https:\/\/www.toque-musicall.com\/index.php?rest_route=\/wp\/v2\/posts"}],"about":[{"href":"https:\/\/www.toque-musicall.com\/index.php?rest_route=\/wp\/v2\/types\/post"}],"author":[{"embeddable":true,"href":"https:\/\/www.toque-musicall.com\/index.php?rest_route=\/wp\/v2\/users\/1"}],"replies":[{"embeddable":true,"href":"https:\/\/www.toque-musicall.com\/index.php?rest_route=%2Fwp%2Fv2%2Fcomments&post=544"}],"version-history":[{"count":0,"href":"https:\/\/www.toque-musicall.com\/index.php?rest_route=\/wp\/v2\/posts\/544\/revisions"}],"wp:attachment":[{"href":"https:\/\/www.toque-musicall.com\/index.php?rest_route=%2Fwp%2Fv2%2Fmedia&parent=544"}],"wp:term":[{"taxonomy":"category","embeddable":true,"href":"https:\/\/www.toque-musicall.com\/index.php?rest_route=%2Fwp%2Fv2%2Fcategories&post=544"},{"taxonomy":"post_tag","embeddable":true,"href":"https:\/\/www.toque-musicall.com\/index.php?rest_route=%2Fwp%2Fv2%2Ftags&post=544"}],"curies":[{"name":"wp","href":"https:\/\/api.w.org\/{rel}","templated":true}]}}