{"id":5443,"date":"2016-02-03T22:25:23","date_gmt":"2016-02-04T00:25:23","guid":{"rendered":"http:\/\/www.toque-musicall.com\/?p=5443"},"modified":"2016-02-04T00:35:17","modified_gmt":"2016-02-04T02:35:17","slug":"varios-carnaval-1972-1972","status":"publish","type":"post","link":"https:\/\/www.toque-musicall.com\/?p=5443","title":{"rendered":"V\u00e1rios &#8211; Carnaval 1972 (1972)"},"content":{"rendered":"<p><img loading=\"lazy\" decoding=\"async\" class=\"aligncenter\" src=\"http:\/\/1.bp.blogspot.com\/-77zB4ru9MiQ\/VrKYnF1X__I\/AAAAAAAAMuI\/WUOe3iO97EE\/s640\/capap.JPG\" alt=\"\" width=\"640\" height=\"634\" \/><img loading=\"lazy\" decoding=\"async\" class=\"aligncenter\" src=\"http:\/\/4.bp.blogspot.com\/-rtstBAk1SG0\/VrKYps0tpvI\/AAAAAAAAMuM\/ku8kyaWohBk\/s640\/contra%2Bp.JPG\" alt=\"\" width=\"628\" height=\"640\" \/><\/p>\n<p>Ol\u00e1, amigos cultos, ocultos e associados. Depois de oferecer a voc\u00eas o \u00e1lbum que a Continental lan\u00e7ou com m\u00fasicas para o carnaval de 1968, o TM apresenta mais um LP carnavalesco da mesma gravadora, editado com o selo Musicolor (bra\u00e7o dito \u201cecon\u00f4mico\u201d da empresa), agora dedicado \u00e0 folia momesca de 1972. Na verdade, foram dois LPs, e este \u00e9 o primeiro deles. Alguns dos int\u00e9rpretes deste disco s\u00e3o conhecidos:\u00a0 Wilma Bentivegna (cantora de hits rom\u00e2nticos, aqui presente com \u201cCarnavais do passado\u201d, marcha-rancho na linha saudosista), Leila Silva (\u201cFalando comigo\u201d, que tem co-autoria do m\u00fasico Adilson Godoy), Miguel \u00c2ngelo, ex-integrante da Dupla Ouro e Prata (aqui com \u201cA marcha do bebum\u201d, explorando tem\u00e1tica comum em m\u00fasicas carnavalescas) e Durval de Souza, comediante e apresentador de TV, ent\u00e3o integrante do cast da Record, interpretando aqui \u201cA tonga da mironga\u201d, marchinha que, de certa forma, repercutia o grande sucesso obtido por Toquinho e Vin\u00edcius de Moraes com \u201cA tonga da mironga do kabulet\u00ea\u201d. Entre os compositores, a curiosidade fica por conta de Nascim Filho, not\u00f3rio apresentador de programas sertanejos no r\u00e1dio paulistano, parceiro em \u201c\u00c9 hoje\u201d, faixa de encerramento \u00a0deste disco, interpretada pelo Coro Musicolor. Temos ainda a presen\u00e7a de N\u00e9lson Silva, com \u201cD\u00e1 de pinote\u201d e \u201cVara verde\u201d. \u00a0Completam o programa, os obscuros Arthur Miranda, Dalva Pedrezani e os grupos Imperiais do Ritmo e As Damas. Se voc\u00ea que viveu nesse tempo n\u00e3o conseguir se lembrar de nenhuma das m\u00fasicas deste disco, n\u00e3o se preocupe. Creio que muitos remanescentes dessa \u00e9poca n\u00e3o se lembram, uma vez que a can\u00e7\u00e3o carnavalesca j\u00e1 atravessava um per\u00edodo de grave crise, principalmente pela falta de divulga\u00e7\u00e3o, a tempo e hora, das composi\u00e7\u00f5es ent\u00e3o novas. Muitos estudiosos afirmam, inclusive, que o \u00faltimo grande sucesso do carnaval brasileiro foi \u201cBandeira branca\u201d, lan\u00e7ado por Dalva de Oliveira em 1970. Portanto, dois anos antes deste nosso \u00e1lbum.\u00a0 Como j\u00e1 registramos anteriormente, o carnaval de sal\u00e3o passou a ser dominado por sucessos antigos de outros tempos (tipo \u201cMam\u00e3e eu quero\u201d, \u201cJardineira\u201d, \u201cCabeleira do Zez\u00e9\u201d etc.), e, nas ruas, os sambas-enredo das escolas passaram a dar as cartas. De maneira que este \u00e1lbum da Continental para a folia de 1972 acaba se tornando um verdadeiro documento, de uma \u00e9poca em que a can\u00e7\u00e3o carnavalesca ainda respirava, ou tentava respirar. E esta \u00e9 mais uma oportunidade que o TM nos d\u00e1, de ouvir m\u00fasicas que\u00a0 possivelmente n\u00e3o foram bem-sucedidas na folia momesca, com toda a aten\u00e7\u00e3o da qual n\u00e3o desfrutaram quando de seu lan\u00e7amento. Afinal, todo mundo merece uma segunda chance, n\u00e3o \u00e9 mesm<a href=\"http:\/\/depositfiles.org\/files\/n07g8p8xf\" target=\"_blank\">o<\/a>?<\/p>\n<p style=\"text-align: center;\">carnavais do passado &#8211; wilma bentivegna<\/p>\n<p style=\"text-align: center;\">d\u00e1 pinote &#8211; nelson silva<\/p>\n<p style=\"text-align: center;\">marcha do bebum &#8211; miguel angelo<\/p>\n<p style=\"text-align: center;\">a onda da cafonagem &#8211; as damas<\/p>\n<p style=\"text-align: center;\">doido varrido &#8211; arthur miranda<\/p>\n<p style=\"text-align: center;\">a marcha do coruj\u00e3o &#8211; dalva pedrezani<\/p>\n<p style=\"text-align: center;\">amor &#8211; as damas<\/p>\n<p style=\"text-align: center;\">a tonga da mironga &#8211; durval de souza<\/p>\n<p style=\"text-align: center;\">esquecendo o mal &#8211; imperiais do ritmo<\/p>\n<p style=\"text-align: center;\">falando comigo &#8211; leila silva<\/p>\n<p style=\"text-align: center;\">vara verde &#8211; nelson silva<\/p>\n<p style=\"text-align: center;\">\u00e9 hoje &#8211; c\u00f4ro musicolor<\/p>\n<p style=\"text-align: center;\">.<\/p>\n<p style=\"text-align: center;\">\n<ul>\n<li style=\"text-align: left;\">Texto de Samuel Machado Filho<\/li>\n<\/ul>\n","protected":false},"excerpt":{"rendered":"<p>Ol\u00e1, amigos cultos, ocultos e associados. Depois de oferecer a voc\u00eas o \u00e1lbum que a Continental lan\u00e7ou com m\u00fasicas para o carnaval de 1968, o TM apresenta mais um LP carnavalesco da mesma gravadora, editado com o selo Musicolor (bra\u00e7o &hellip; <a href=\"https:\/\/www.toque-musicall.com\/?p=5443\">Continue lendo <span class=\"meta-nav\">&rarr;<\/span><\/a><\/p>\n","protected":false},"author":1,"featured_media":0,"comment_status":"open","ping_status":"closed","sticky":false,"template":"","format":"standard","meta":{"footnotes":""},"categories":[263,2665,83],"tags":[],"class_list":["post-5443","post","type-post","status-publish","format-standard","hentry","category-carnaval","category-carnaval-de-1972","category-selo-musicolor"],"_links":{"self":[{"href":"https:\/\/www.toque-musicall.com\/index.php?rest_route=\/wp\/v2\/posts\/5443","targetHints":{"allow":["GET"]}}],"collection":[{"href":"https:\/\/www.toque-musicall.com\/index.php?rest_route=\/wp\/v2\/posts"}],"about":[{"href":"https:\/\/www.toque-musicall.com\/index.php?rest_route=\/wp\/v2\/types\/post"}],"author":[{"embeddable":true,"href":"https:\/\/www.toque-musicall.com\/index.php?rest_route=\/wp\/v2\/users\/1"}],"replies":[{"embeddable":true,"href":"https:\/\/www.toque-musicall.com\/index.php?rest_route=%2Fwp%2Fv2%2Fcomments&post=5443"}],"version-history":[{"count":1,"href":"https:\/\/www.toque-musicall.com\/index.php?rest_route=\/wp\/v2\/posts\/5443\/revisions"}],"predecessor-version":[{"id":5444,"href":"https:\/\/www.toque-musicall.com\/index.php?rest_route=\/wp\/v2\/posts\/5443\/revisions\/5444"}],"wp:attachment":[{"href":"https:\/\/www.toque-musicall.com\/index.php?rest_route=%2Fwp%2Fv2%2Fmedia&parent=5443"}],"wp:term":[{"taxonomy":"category","embeddable":true,"href":"https:\/\/www.toque-musicall.com\/index.php?rest_route=%2Fwp%2Fv2%2Fcategories&post=5443"},{"taxonomy":"post_tag","embeddable":true,"href":"https:\/\/www.toque-musicall.com\/index.php?rest_route=%2Fwp%2Fv2%2Ftags&post=5443"}],"curies":[{"name":"wp","href":"https:\/\/api.w.org\/{rel}","templated":true}]}}