{"id":5445,"date":"2016-02-04T19:45:12","date_gmt":"2016-02-04T21:45:12","guid":{"rendered":"http:\/\/www.toque-musicall.com\/?p=5445"},"modified":"2016-02-04T19:45:12","modified_gmt":"2016-02-04T21:45:12","slug":"orquestra-e-coro-odeon-carnaval-odeon-1955","status":"publish","type":"post","link":"https:\/\/www.toque-musicall.com\/?p=5445","title":{"rendered":"Orquestra E Coro Odeon &#8211; Carnaval Odeon (1955)"},"content":{"rendered":"<p><img loading=\"lazy\" decoding=\"async\" class=\"aligncenter\" src=\"https:\/\/2.bp.blogspot.com\/-yWWekkIEInY\/VrPERqnaXlI\/AAAAAAAAMug\/cXXenWrvU5Q\/s640\/capaAp.JPG\" alt=\"\" width=\"640\" height=\"627\" \/><img loading=\"lazy\" decoding=\"async\" class=\"aligncenter\" src=\"https:\/\/1.bp.blogspot.com\/-NYcFt1JbFg0\/VrPERtPkuqI\/AAAAAAAAMuc\/N7iMVx-9pQs\/s640\/contraBp.JPG\" alt=\"\" width=\"640\" height=\"623\" \/><\/p>\n<div class=\"separator\">Uma aut\u00eantica preciosidade! \u00c9 como se pode definir o \u00e1lbum carnavalesco que o TM possui a grata satisfa\u00e7\u00e3o de oferecer hoje a seus amigos cultos, ocultos e associados. Ele foi lan\u00e7ado pela Odeon, no primitivo formato de dez polegadas,\u00a0 apresentando m\u00fasicas para a folia de 1955, na interpreta\u00e7\u00e3o de seu cast na \u00e9poca. Evidentemente, as m\u00fasicas tamb\u00e9m sa\u00edram em 78 rpm, uma vez que o LP estava ainda em processo de implanta\u00e7\u00e3o e poucos tinham o toca-discos adequado para reproduzi-lo. Sempre lembrando que o primeiro LP brasileiro, editado pela Sinter em 1951, era tamb\u00e9m com m\u00fasicas de carnaval, para aquele ano, que igualmente sa\u00edram em 78 rpm. O diferencial aqui fica por conta da abertura e do encerramento, a cargo da orquestra da \u201cmarca do templo\u201d, fazendo o disco ser ouvido como se estiv\u00e9ssemos em um baile de carnaval. Logo no in\u00edcio, ouvimos a introdu\u00e7\u00e3o do cl\u00e1ssico \u201cO teu cabelo n\u00e3o nega\u201d, de Lamartine Babo, mais os irm\u00e3os Raul e Jo\u00e3o V\u00edtor Valen\u00e7a.\u00a0 Em seguida, desfilam as oito faixas ent\u00e3o in\u00e9ditas para a folia de 55. No lado A, s\u00f3 marchinhas. De cara, temos um grande sucesso: \u201cRessaca\u201d, feita e interpretada pela \u201cdupla da harmonia\u201d, Z\u00e9 e Zilda, novamente voltando ao tema da bebida, por eles abordado um ano antes em outro hit, \u201cSacarrolha\u201d, com direito at\u00e9 a advert\u00eancia contra o abuso da mesma: \u201cEla n\u00e3o \u00e9 amiga, desce pra barriga e depois sobe pra cabe\u00e7a\u201d. Z\u00e9 da Zilda, entretanto, n\u00e3o conheceu o sucesso de \u201cRessaca\u201d, pois faleceria menos de um m\u00eas antes da grava\u00e7\u00e3o, em 10 de outubro de 1954, vitimado por um AVC. As outras sete faixas tamb\u00e9m apareceram, ainda que em menor propor\u00e7\u00e3o, constituindo-se em verdadeiras rel\u00edquias para os colecionadores. Francisco Ferraz Neto, o Risadinha, respons\u00e1vel por in\u00fameros hits na folia de Momo, brinda-nos com \u201cZum zum ba \u00ea\u201d,dele pr\u00f3prio em parceria com Sebasti\u00e3o Gomes. Roberto Paiva, outro grande int\u00e9rprete, apresenta \u201cO casamento da Rosa\u201d, de Oldemar Teixeira Magalh\u00e3es e Luiz Costa. Alcides Gerardi vem em seguida com \u201c\u00c1gua n\u00e3o!\u201d, de Erasmo Silva e Am\u00e9rico Seixas, outra m\u00fasica tendo a bebida em foco, no caso o chope, que sempre desfrutou da prefer\u00eancia dos foli\u00f5es nos bailes carnavalescos, tornando-se neles imprescind\u00edvel. E bem geladinho, \u00e9 claro&#8230; No lado B, \u00e9 o samba que pede passagem. A eterna \u201crainha da voz\u201d, Dalva de Oliveira, nos oferece \u201cChama do nosso amor\u201d, de Oswaldo Martins e Dias da Cruz. Roberto Luna, ent\u00e3o despontando para a fama, interpreta \u00a0\u201cDeus me ajude\u201d, assinado por Vicente Longo e Oswaldo Morigge.\u00a0 A eterna \u201crainha da televis\u00e3o brasileira\u201d, Hebe Camargo, brinda-nos com \u201cMadalena\u201d, de Blecaute (int\u00e9rprete festejado de carnavais, aqui como compositor) e Oswaldo Fran\u00e7a. Jo\u00e3o Dias, \u201co pr\u00edncipe da voz\u201d, eleito pelo pr\u00f3prio Francisco Alves para suced\u00ea-lo, por ter voz id\u00eantica \u00e0 dele, vem com \u201cMeu \u00faltimo reinado\u201d, de Herivelto Martins e Raul Sampaio, este \u00faltimo integrante da terceira forma\u00e7\u00e3o do Trio de Ouro, junto com Herivelto e Lourdinha Bittencourt. E o disco termina com a Orquestra Odeon executando a introdu\u00e7\u00e3o da cl\u00e1ssica marchinha \u201cCidade maravilhosa\u201d, de Andr\u00e9 Filho. Enfim, \u00e9 um \u00e1lbum que surpreende pelas verdadeiras raridades nele contidas, que se constituem em agrad\u00e1veis e surpreendentes descobertas para os colecionadores. E enriquece brilhantemente a discoteca da mem\u00f3ria m\u00fasico-carnavalesca do Brasil. Divirtam-s<a href=\"http:\/\/depositfiles.com\/files\/jpmr8dms3\" target=\"_blank\">e<\/a>!<\/div>\n<div class=\"separator\"><\/div>\n<div style=\"text-align: center;\">o teu cabelo n\u00e3o nega<\/div>\n<div style=\"text-align: center;\">ressaca<\/div>\n<div style=\"text-align: center;\">zum zum ba ba e<\/div>\n<div style=\"text-align: center;\">o casamento da rosa<\/div>\n<div style=\"text-align: center;\">agua n\u00e3o<\/div>\n<div style=\"text-align: center;\">chama do nosso amor<\/div>\n<div style=\"text-align: center;\">deus me ajude<\/div>\n<div style=\"text-align: center;\">madalena<\/div>\n<div style=\"text-align: center;\">meu \u00faltimo reinado<\/div>\n<div style=\"text-align: center;\">cidade maravilhosa<\/div>\n<p style=\"text-align: center;\">\n.<br \/>\n* Texto de Samuel Machado Filho<\/p>\n<p>.<\/p>\n","protected":false},"excerpt":{"rendered":"<p>Uma aut\u00eantica preciosidade! \u00c9 como se pode definir o \u00e1lbum carnavalesco que o TM possui a grata satisfa\u00e7\u00e3o de oferecer hoje a seus amigos cultos, ocultos e associados. Ele foi lan\u00e7ado pela Odeon, no primitivo formato de dez polegadas,\u00a0 apresentando &hellip; <a href=\"https:\/\/www.toque-musicall.com\/?p=5445\">Continue lendo <span class=\"meta-nav\">&rarr;<\/span><\/a><\/p>\n","protected":false},"author":1,"featured_media":0,"comment_status":"open","ping_status":"closed","sticky":false,"template":"","format":"standard","meta":{"footnotes":""},"categories":[263,2666,86],"tags":[],"class_list":["post-5445","post","type-post","status-publish","format-standard","hentry","category-carnaval","category-carnaval-1955-odeon","category-selo-odeon"],"_links":{"self":[{"href":"https:\/\/www.toque-musicall.com\/index.php?rest_route=\/wp\/v2\/posts\/5445","targetHints":{"allow":["GET"]}}],"collection":[{"href":"https:\/\/www.toque-musicall.com\/index.php?rest_route=\/wp\/v2\/posts"}],"about":[{"href":"https:\/\/www.toque-musicall.com\/index.php?rest_route=\/wp\/v2\/types\/post"}],"author":[{"embeddable":true,"href":"https:\/\/www.toque-musicall.com\/index.php?rest_route=\/wp\/v2\/users\/1"}],"replies":[{"embeddable":true,"href":"https:\/\/www.toque-musicall.com\/index.php?rest_route=%2Fwp%2Fv2%2Fcomments&post=5445"}],"version-history":[{"count":1,"href":"https:\/\/www.toque-musicall.com\/index.php?rest_route=\/wp\/v2\/posts\/5445\/revisions"}],"predecessor-version":[{"id":5446,"href":"https:\/\/www.toque-musicall.com\/index.php?rest_route=\/wp\/v2\/posts\/5445\/revisions\/5446"}],"wp:attachment":[{"href":"https:\/\/www.toque-musicall.com\/index.php?rest_route=%2Fwp%2Fv2%2Fmedia&parent=5445"}],"wp:term":[{"taxonomy":"category","embeddable":true,"href":"https:\/\/www.toque-musicall.com\/index.php?rest_route=%2Fwp%2Fv2%2Fcategories&post=5445"},{"taxonomy":"post_tag","embeddable":true,"href":"https:\/\/www.toque-musicall.com\/index.php?rest_route=%2Fwp%2Fv2%2Ftags&post=5445"}],"curies":[{"name":"wp","href":"https:\/\/api.w.org\/{rel}","templated":true}]}}