{"id":545,"date":"2011-02-22T10:20:00","date_gmt":"2011-02-22T10:20:00","guid":{"rendered":"http:\/\/www.toque-musicall.com\/?p=545"},"modified":"2011-02-22T10:20:00","modified_gmt":"2011-02-22T10:20:00","slug":"juarez-sua-excia-o-sax-1961","status":"publish","type":"post","link":"https:\/\/www.toque-musicall.com\/?p=545","title":{"rendered":"Juarez &#8211; Sua Excia. O Sax (1961)"},"content":{"rendered":"<p><a href=\"http:\/\/4.bp.blogspot.com\/-Zwo6tICFPPw\/TWOORZytV_I\/AAAAAAAAHt8\/fLpIimZIDkE\/s1600\/juarez+P.JPG\"><img decoding=\"async\" style=\"TEXT-ALIGN: center; MARGIN: 0px auto 10px; WIDTH: 393px; DISPLAY: block; HEIGHT: 400px; CURSOR: hand\" id=\"BLOGGER_PHOTO_ID_5576457193247299570\" border=\"0\" alt=\"\" src=\"http:\/\/4.bp.blogspot.com\/-Zwo6tICFPPw\/TWOORZytV_I\/AAAAAAAAHt8\/fLpIimZIDkE\/s400\/juarez+P.JPG\" \/><\/a>Bom dia, amigos cultos e ocultos! Como eu disse, esta vai ser uma semana bem sortida e variada, bem a cara do que \u00e9 o Toque Musical. Curiosidades e raridades s\u00e3o o que n\u00e3o falta&#8230;<br \/>Este \u00e9 Juarez. Juarez Assis de Ara\u00fajo, para esclarecer melhor e logo de cara, foi um dos maiores saxofonistas do mundo! Reconhecido internacionalmente, este m\u00fasico instrumentista, paradorxalmente, nos dias de hoje se tornou um ilustre desconhecido. S\u00f3 mesmo quem conhece um pouco (ou  mais) da hist\u00f3ria da nossa m\u00fasica poder\u00e1 se lembrar desse grande artista. Nascido em Pernambuco em 1930, teve desde a inf\u00e2ncia contato com a m\u00fasica. Iniciou seus estudos no saxofone com 11 anos. Na adolesc\u00eancia j\u00e1 tocava em um grupo de jazz e se apresentava nas r\u00e1dios do nordeste. Na metade dos anos 50 transferiu-se para o sudeste, vindo trabalhar em orquestras de S\u00e3o Paulo e logo em seguida foi para o Rio de Janeiro tocar com o Maestro Osvaldo Borba, em sua famosa orquestra da TV Rio. Juarez era um m\u00fasico vers\u00e1til, que passeava com muita desenvoltura pelos mais diversos g\u00eaneros, tanto os nacionais como os internacionais, principalmente o jazz. Seu talento e sua t\u00e9cnica eram de impressionar. Foi considerado, nos anos 60, pela revista americana especializada em jazz, &#8220;Downbeat&#8221;, como um dos cinco maiores saxofonistas do mundo. \u00c9 mole? No final dos anos 50 e in\u00edcio dos anos 60 ele andava muito entrosado com Tom Jobim, Newton Mendon\u00e7a e a turma da Bossa. Acabou absorvendo um leque musical rico e variado. Mas como m\u00fasico instrumentista, ainda mais sendo saxofonista, sua aten\u00e7\u00e3o naquela \u00e9poca, naturalmente era o jazz. Isso fica bem claro em discos como &#8220;Bossa Nova nos States&#8221; ou &#8220;O inimit\u00e1vel Juarez&#8221;.<br \/>&#8220;Sua Excia, o Sax&#8221; foi o seu primeiro lp, lan\u00e7ado em 1961 pelo selo Carroussel. Como seus outros discos, nunca teve uma edi\u00e7\u00e3o em cd e \u00e9 com certeza um \u00e1lbum ainda mais raro. Aqui encontramos uma sele\u00e7\u00e3o musical que vai do samba aos &#8216;standards&#8217;, cl\u00e1ssicos da m\u00fasica americana. Ele vem acompanhado de um bom conjunto e sob a supervis\u00e3o do Maestro Astor. Confiram aqui&#8230;<\/p>\n<div align=\"center\">o menino desce o morro<\/div>\n<div align=\"center\">deep purple<\/div>\n<div align=\"center\">t&#8217;ll get by<\/div>\n<div align=\"center\">chorou, chorou<\/div>\n<div align=\"center\">julgamento<\/div>\n<div align=\"center\">bye, bye blackbird<\/div>\n<div align=\"center\">volta<\/div>\n<div align=\"center\">indiscretion<\/div>\n<div align=\"center\">samba de uma nota s\u00f3<\/div>\n<div align=\"center\">al di l\u00e1<\/div>\n<div align=\"center\">s\u00faplica<\/div>\n<div align=\"center\">bewitched<\/div>\n<div align=\"center\"> <\/div>\n<div align=\"center\"> <\/div>\n","protected":false},"excerpt":{"rendered":"<p>Bom dia, amigos cultos e ocultos! Como eu disse, esta vai ser uma semana bem sortida e variada, bem a cara do que \u00e9 o Toque Musical. Curiosidades e raridades s\u00e3o o que n\u00e3o falta&#8230;Este \u00e9 Juarez. Juarez Assis de &hellip; <a href=\"https:\/\/www.toque-musicall.com\/?p=545\">Continue lendo <span class=\"meta-nav\">&rarr;<\/span><\/a><\/p>\n","protected":false},"author":1,"featured_media":0,"comment_status":"open","ping_status":"closed","sticky":false,"template":"","format":"standard","meta":{"footnotes":""},"categories":[842],"tags":[],"class_list":["post-545","post","type-post","status-publish","format-standard","hentry","category-juarez-assis-de-araujo"],"_links":{"self":[{"href":"https:\/\/www.toque-musicall.com\/index.php?rest_route=\/wp\/v2\/posts\/545","targetHints":{"allow":["GET"]}}],"collection":[{"href":"https:\/\/www.toque-musicall.com\/index.php?rest_route=\/wp\/v2\/posts"}],"about":[{"href":"https:\/\/www.toque-musicall.com\/index.php?rest_route=\/wp\/v2\/types\/post"}],"author":[{"embeddable":true,"href":"https:\/\/www.toque-musicall.com\/index.php?rest_route=\/wp\/v2\/users\/1"}],"replies":[{"embeddable":true,"href":"https:\/\/www.toque-musicall.com\/index.php?rest_route=%2Fwp%2Fv2%2Fcomments&post=545"}],"version-history":[{"count":0,"href":"https:\/\/www.toque-musicall.com\/index.php?rest_route=\/wp\/v2\/posts\/545\/revisions"}],"wp:attachment":[{"href":"https:\/\/www.toque-musicall.com\/index.php?rest_route=%2Fwp%2Fv2%2Fmedia&parent=545"}],"wp:term":[{"taxonomy":"category","embeddable":true,"href":"https:\/\/www.toque-musicall.com\/index.php?rest_route=%2Fwp%2Fv2%2Fcategories&post=545"},{"taxonomy":"post_tag","embeddable":true,"href":"https:\/\/www.toque-musicall.com\/index.php?rest_route=%2Fwp%2Fv2%2Ftags&post=545"}],"curies":[{"name":"wp","href":"https:\/\/api.w.org\/{rel}","templated":true}]}}