{"id":5452,"date":"2016-02-12T09:27:20","date_gmt":"2016-02-12T11:27:20","guid":{"rendered":"http:\/\/www.toque-musicall.com\/?p=5452"},"modified":"2016-02-14T10:31:32","modified_gmt":"2016-02-14T12:31:32","slug":"manfredo-fest-trio-1965","status":"publish","type":"post","link":"https:\/\/www.toque-musicall.com\/?p=5452","title":{"rendered":"Manfredo Fest Trio (1965)"},"content":{"rendered":"<p><img loading=\"lazy\" decoding=\"async\" class=\"aligncenter\" src=\"https:\/\/4.bp.blogspot.com\/-y76IlU-D-tE\/Vr_ebGhkodI\/AAAAAAAAMvM\/kxsmTyVFtrU\/s640\/capap.JPG\" alt=\"\" width=\"620\" height=\"640\" \/><img loading=\"lazy\" decoding=\"async\" class=\"aligncenter\" src=\"https:\/\/3.bp.blogspot.com\/-YmaRKwkBgJY\/Vr_ebOoQ3TI\/AAAAAAAAMvQ\/3a0PicHH_4U\/s640\/contra.JPG\" alt=\"\" width=\"630\" height=\"640\" \/><\/p>\n<div class=\"separator\">Boa noite, meus car\u00edssimos amigos cultos e ocultos! Para fugir um pouco do programado, eu, as vezes, gosto de ter a m\u00e3o alguma alternativa que venha do inesperado. Em outras palavras, embora eu j\u00e1 tenha uma sele\u00e7\u00e3o de discos predeterminados para a semana, as vezes \u00e9 bom quando surge um outro, fora do contexto, fora do esperado, que d\u00e1 uma bagun\u00e7ada na l\u00f3gica, na minha l\u00f3gica de postar. Hoje eu trago algo assim. Uma colabora\u00e7\u00e3o dos amigos C\u00e9lio e M\u00e1rcio, da loja Acervos Lps, que vem conquistando espa\u00e7o em Belo Horizonte para os amantes do vinil. Lojinha bacana na Savassi, com muitas variedades e pre\u00e7os imbat\u00edveis (eis o segredo dos caras).<\/div>\n<div class=\"separator\">Temos aqui o excelente Manfredo Fest em trio, tamb\u00e9m formado por Heitor Gay de Faria Maris, na bateria e Mathias Mattos, no contrabaixo. O Manfredo Fest Trio foi lan\u00e7ado pelo selo RGE. Disco este que n\u00e3o consta em discografias do m\u00fasico. Uma p\u00e9rola da bossa jazz brasileiro, que passou meio batido, afinal era 1965, um ano sem grandes manifesta\u00e7\u00f5es fonogr\u00e1ficas. N\u00e3o por falta de material, mas pela pr\u00f3pria conting\u00eancia da situa\u00e7\u00e3o pol\u00edtica no Brasil. A tomada do Poder pelos militares em 64 gerou uma esp\u00e9cie de paralisa\u00e7\u00e3o cultural no ano seguinte. 1965 foi mesmo um ano inexpressivo em termos de publica\u00e7\u00f5es musicais. Basta ver que ao longo de todo esse tempo de Toque Musical, poucos foram os discos do ano de 65. Ali\u00e1s, eu ainda n\u00e3o tinha visto este disco em outras fontes. Creio que aqui ele est\u00e1 fazendo a sua estr\u00e9i<a href=\"http:\/\/depositfiles.com\/files\/ecxrx6htf\" target=\"_blank\">a<\/a> \ud83d\ude42<\/div>\n<div class=\"separator\"><\/div>\n<div class=\"separator\" style=\"text-align: center;\">reza<\/div>\n<div class=\"separator\" style=\"text-align: center;\">quem \u00e9 homem n\u00e3o chora<\/div>\n<div class=\"separator\" style=\"text-align: center;\">samba de ver\u00e3o<\/div>\n<div class=\"separator\" style=\"text-align: center;\">&#8220;m.e.&#8221; vestida de amarelo<\/div>\n<div class=\"separator\" style=\"text-align: center;\">estamos a\u00ed<\/div>\n<div class=\"separator\" style=\"text-align: center;\">voc\u00ea<\/div>\n<div class=\"separator\" style=\"text-align: center;\">consola\u00e7\u00e3o<\/div>\n<div class=\"separator\" style=\"text-align: center;\">impulso<\/div>\n<div class=\"separator\" style=\"text-align: center;\">s\u00f3 voc\u00ea<\/div>\n<div class=\"separator\" style=\"text-align: center;\">enquanto a tristeza n\u00e3o vem<\/div>\n<div class=\"separator\" style=\"text-align: center;\">samba de negro<\/div>\n<div class=\"separator\" style=\"text-align: center;\">o menino das laranjeiras<\/div>\n<div class=\"separator\" style=\"text-align: center;\"><\/div>\n<div class=\"separator\" style=\"text-align: center;\">.<\/div>\n","protected":false},"excerpt":{"rendered":"<p>Boa noite, meus car\u00edssimos amigos cultos e ocultos! Para fugir um pouco do programado, eu, as vezes, gosto de ter a m\u00e3o alguma alternativa que venha do inesperado. Em outras palavras, embora eu j\u00e1 tenha uma sele\u00e7\u00e3o de discos predeterminados &hellip; <a href=\"https:\/\/www.toque-musicall.com\/?p=5452\">Continue lendo <span class=\"meta-nav\">&rarr;<\/span><\/a><\/p>\n","protected":false},"author":1,"featured_media":0,"comment_status":"open","ping_status":"closed","sticky":false,"template":"","format":"standard","meta":{"footnotes":""},"categories":[838,153],"tags":[],"class_list":["post-5452","post","type-post","status-publish","format-standard","hentry","category-manfredo-fest","category-selo-rge"],"_links":{"self":[{"href":"https:\/\/www.toque-musicall.com\/index.php?rest_route=\/wp\/v2\/posts\/5452","targetHints":{"allow":["GET"]}}],"collection":[{"href":"https:\/\/www.toque-musicall.com\/index.php?rest_route=\/wp\/v2\/posts"}],"about":[{"href":"https:\/\/www.toque-musicall.com\/index.php?rest_route=\/wp\/v2\/types\/post"}],"author":[{"embeddable":true,"href":"https:\/\/www.toque-musicall.com\/index.php?rest_route=\/wp\/v2\/users\/1"}],"replies":[{"embeddable":true,"href":"https:\/\/www.toque-musicall.com\/index.php?rest_route=%2Fwp%2Fv2%2Fcomments&post=5452"}],"version-history":[{"count":1,"href":"https:\/\/www.toque-musicall.com\/index.php?rest_route=\/wp\/v2\/posts\/5452\/revisions"}],"predecessor-version":[{"id":5453,"href":"https:\/\/www.toque-musicall.com\/index.php?rest_route=\/wp\/v2\/posts\/5452\/revisions\/5453"}],"wp:attachment":[{"href":"https:\/\/www.toque-musicall.com\/index.php?rest_route=%2Fwp%2Fv2%2Fmedia&parent=5452"}],"wp:term":[{"taxonomy":"category","embeddable":true,"href":"https:\/\/www.toque-musicall.com\/index.php?rest_route=%2Fwp%2Fv2%2Fcategories&post=5452"},{"taxonomy":"post_tag","embeddable":true,"href":"https:\/\/www.toque-musicall.com\/index.php?rest_route=%2Fwp%2Fv2%2Ftags&post=5452"}],"curies":[{"name":"wp","href":"https:\/\/api.w.org\/{rel}","templated":true}]}}