{"id":5458,"date":"2016-02-16T09:07:03","date_gmt":"2016-02-16T11:07:03","guid":{"rendered":"http:\/\/www.toque-musicall.com\/?p=5458"},"modified":"2016-02-18T19:09:26","modified_gmt":"2016-02-18T21:09:26","slug":"i-festival-internacional-de-jazz-sao-paulo-montreux-1978","status":"publish","type":"post","link":"https:\/\/www.toque-musicall.com\/?p=5458","title":{"rendered":"I Festival Internacional De Jazz &#8211; S\u00e3o Paulo-Montreux (1978)"},"content":{"rendered":"<p><img loading=\"lazy\" decoding=\"async\" class=\"aligncenter\" src=\"https:\/\/3.bp.blogspot.com\/-bHNCPbJ1Ds8\/VsWsTsGAjfI\/AAAAAAAAMwM\/BYOF8U3ogiw\/s640\/capap.JPG\" alt=\"\" width=\"640\" height=\"635\" \/><img loading=\"lazy\" decoding=\"async\" class=\"aligncenter\" src=\"https:\/\/2.bp.blogspot.com\/-bs5wDlVz1lU\/VsWsTp8ozBI\/AAAAAAAAMwQ\/qM6NDCB-uEI\/s640\/contrap.JPG\" alt=\"\" width=\"640\" height=\"638\" \/><\/p>\n<p>Bom dia, amigos cultos e ocultos! Eu hoje estou trazendo um disco que em outros momentos, talvez n\u00e3o entrasse em nossa lista. Produ\u00e7\u00e3o com mais de 20 anos, fora de cat\u00e1logo, mas ainda assim um pouco fora do nosso contexto, n\u00e3o fosse o fato de ser um festival de jazz realizado em S\u00e3o Paulo e tendo entre os artistas presentes dois brasileiros, Airto Moreira e Hermeto Pascoal.<br \/>\nO I Festival Internacional de Jazz foi um evento, sem precedentes, \u00a0que aconteceu simultaneamente nas cidades de S\u00e3o Paulo e Montreux, na Sui\u00e7a. Um festival que reuniu m\u00fasicos de v\u00e1rios pa\u00edses, apresentando diferentes estilos de jazz. Em S\u00e3o Paulo os shows foram vistos por quase 4 mil pessoas no Pal\u00e1cio de Conven\u00e7\u00f5es do Anhembi. Este \u00e1lbum foi lan\u00e7ado no mesmo ano do festival. Um \u00e1lbum duplo, que bem merecia triplo ou mais, trazendo al\u00e9m dos brasileiros j\u00e1 citados, grandes nomes como Bill Evans, George Benson, George Duke, Larry Coryell &amp; Philip Catharine, Etta James e Al Jarreau.. Muito bom!<\/p>\n<div style=\"text-align: center;\">take five &#8211; al jarreau<\/div>\n<div style=\"text-align: center;\">we got by &#8211; al jarreau<\/div>\n<div style=\"text-align: center;\">sugar on the floor &#8211; etta james<\/div>\n<div style=\"text-align: center;\">juicy &#8211; george duke band<\/div>\n<div style=\"text-align: center;\">twin house &#8211; larry coryell &amp; philipe catharine<\/div>\n<div style=\"text-align: center;\">aquela valsa &#8211; hermeto pascoal<\/div>\n<div style=\"text-align: center;\">tacho &#8211; hermeto pascoal<\/div>\n<div style=\"text-align: center;\">windsong &#8211; george benson<\/div>\n<div style=\"text-align: center;\">the greates love of all &#8211; george benson<\/div>\n<div style=\"text-align: center;\">everything must change &#8211; ben e. king<\/div>\n<div style=\"text-align: center;\">i&#8217;m fine howare you? &#8211; airto moreira<\/div>\n<div style=\"text-align: center;\">la tumbadora &#8211; airto moreira<\/div>\n<div style=\"text-align: center;\">do what cha wanna &#8211; george duke band<\/div>\n<div style=\"text-align: center;\">maxine &#8211; bill evans<\/div>\n<div style=\"text-align: center;\"><\/div>\n<div style=\"text-align: center;\">.<\/div>\n","protected":false},"excerpt":{"rendered":"<p>Bom dia, amigos cultos e ocultos! Eu hoje estou trazendo um disco que em outros momentos, talvez n\u00e3o entrasse em nossa lista. Produ\u00e7\u00e3o com mais de 20 anos, fora de cat\u00e1logo, mas ainda assim um pouco fora do nosso contexto, &hellip; <a href=\"https:\/\/www.toque-musicall.com\/?p=5458\">Continue lendo <span class=\"meta-nav\">&rarr;<\/span><\/a><\/p>\n","protected":false},"author":1,"featured_media":0,"comment_status":"open","ping_status":"closed","sticky":false,"template":"","format":"standard","meta":{"footnotes":""},"categories":[574,128,252],"tags":[],"class_list":["post-5458","post","type-post","status-publish","format-standard","hentry","category-airto-moreira","category-hermeto-pascoal","category-selo-wea"],"_links":{"self":[{"href":"https:\/\/www.toque-musicall.com\/index.php?rest_route=\/wp\/v2\/posts\/5458","targetHints":{"allow":["GET"]}}],"collection":[{"href":"https:\/\/www.toque-musicall.com\/index.php?rest_route=\/wp\/v2\/posts"}],"about":[{"href":"https:\/\/www.toque-musicall.com\/index.php?rest_route=\/wp\/v2\/types\/post"}],"author":[{"embeddable":true,"href":"https:\/\/www.toque-musicall.com\/index.php?rest_route=\/wp\/v2\/users\/1"}],"replies":[{"embeddable":true,"href":"https:\/\/www.toque-musicall.com\/index.php?rest_route=%2Fwp%2Fv2%2Fcomments&post=5458"}],"version-history":[{"count":1,"href":"https:\/\/www.toque-musicall.com\/index.php?rest_route=\/wp\/v2\/posts\/5458\/revisions"}],"predecessor-version":[{"id":5459,"href":"https:\/\/www.toque-musicall.com\/index.php?rest_route=\/wp\/v2\/posts\/5458\/revisions\/5459"}],"wp:attachment":[{"href":"https:\/\/www.toque-musicall.com\/index.php?rest_route=%2Fwp%2Fv2%2Fmedia&parent=5458"}],"wp:term":[{"taxonomy":"category","embeddable":true,"href":"https:\/\/www.toque-musicall.com\/index.php?rest_route=%2Fwp%2Fv2%2Fcategories&post=5458"},{"taxonomy":"post_tag","embeddable":true,"href":"https:\/\/www.toque-musicall.com\/index.php?rest_route=%2Fwp%2Fv2%2Ftags&post=5458"}],"curies":[{"name":"wp","href":"https:\/\/api.w.org\/{rel}","templated":true}]}}