{"id":546,"date":"2011-02-21T10:23:00","date_gmt":"2011-02-21T10:23:00","guid":{"rendered":"http:\/\/www.toque-musicall.com\/?p=546"},"modified":"2011-02-21T10:23:00","modified_gmt":"2011-02-21T10:23:00","slug":"os-carbonos-instrumental-vol-13-1973","status":"publish","type":"post","link":"https:\/\/www.toque-musicall.com\/?p=546","title":{"rendered":"Os Carbonos &#8211; Instrumental Vol. 13 (1973)"},"content":{"rendered":"<p><a href=\"http:\/\/2.bp.blogspot.com\/-N_NWP_XSNbM\/TWI9Rj9HPkI\/AAAAAAAAHtw\/L0OAgEbnKgQ\/s1600\/Os+Carbonos+Instrumental+Vol.13+P.JPG\"><img decoding=\"async\" style=\"text-align: center; margin: 0px auto 10px; width: 400px; display: block; height: 400px;\" id=\"BLOGGER_PHOTO_ID_5576086660556734018\" alt=\"\" src=\"http:\/\/2.bp.blogspot.com\/-N_NWP_XSNbM\/TWI9Rj9HPkI\/AAAAAAAAHtw\/L0OAgEbnKgQ\/s400\/Os+Carbonos+Instrumental+Vol.13+P.JPG\" border=\"0\" \/><\/a> Bom dia, amigos cultos e ocultos! Nossa semana se inicia bem de acordo com o lema do blog: ouvir m\u00fasica com outros olhos. Nos pr\u00f3ximos dias vou ir postando um pouco de cada monte de disco que arrumei nos \u00faltimos tempos. Entre os que eu j\u00e1 tinha, as doa\u00e7\u00f5es, compras e empr\u00e9stimos, estou com um saldo aqui para manter o Toque Musical por um bom tempo.<br \/>E por falar em tempo, deixa eu correr aqui, pois a semana vai ser &#8216;foda&#8217;.<br \/>Vamos mais uma vez com o grupo paulista Os Carbonos. J\u00e1 postei aqui alguns discos deles e confesso, a cada vez gosto mais. Em outros tempos, na minha juventude adolescente (pois hoje vivo a juventude adulta), eu torcia o nariz para grupos musicais do g\u00eanero. Os Carbonos eram, para mim, o &#8216;supra sumo&#8217; do &#8216;demod\u00ea&#8217;, uma caricatura daquilo que eles tocavam. Mas foi s\u00f3 eu abrir um pouco mais a minha cabe\u00e7a, olhos e ouvidos, para descobrir que a coisa n\u00e3o era bem assim. O que eu tinha era literalmente, um pr\u00e9 conceito. O grupo surgido no in\u00edcio dos anos 60, na onda da Jovem Guarda, se tornou especialista no que hoje denominamos como &#8216;covers&#8217;, ou seja, tocar m\u00fasicas de sucesso de outros conjuntos. Como eu j\u00e1 mencionei em outras postagens sobre a banda, o nome &#8220;Carbonos&#8221; vem muito apropriadamente por conta disso, de s\u00f3 gravarem m\u00fasicas que faziam sucesso. Fizeram muitos discos ao longo de sua exist\u00eancia. Gravaram tamb\u00e9m com outros nomes, como Andr\u00f3ides, The Mackenzie Group, Carbono 14 e The Magnetic Sounds, sendo este \u00faltimo gravando a s\u00e9rie de lps &#8220;Super Er\u00f3tica&#8221;. O que fez dOs Carbonos um grupo musical de sucesso, n\u00e3o foi apenas a escolha de repert\u00f3rios marcados, mas principalmente a qualidade de seus m\u00fasicos e fidelidade na execu\u00e7\u00e3o. Eles foram pioneiros nesse assunto&#8230;<br \/>Neste \u00e1lbum, o volume 13, lan\u00e7ado em 1973, encontramos diferentes sucessos da m\u00fasica pop internacional, todos, em vers\u00f5es instrumentais. H\u00e1 tamb\u00e9m espa\u00e7o para temas nacionais. Temos duas faixas com as m\u00fasicas, &#8220;Menina, vem dormir&#8221;, de Wando e, contrariando a condi\u00e7\u00e3o de copistas, eles trazem na faixa 4 do lado B a autoral &#8220;Frases&#8221;, do vocalista (?) Raul Carezzato Sobrinho. Dentro dessa proposta eles, sem d\u00favida, fazem um disco bem interessante. Confiram&#8230;<\/p>\n<div align=\"center\">skyline pigeon<\/div>\n<div align=\"center\">nobody knows<\/div>\n<div align=\"center\">my mother was her name<\/div>\n<div align=\"center\">sunshine lover<\/div>\n<div align=\"center\">bottoms up<\/div>\n<div align=\"center\">trop belle pour rester seule<\/div>\n<div align=\"center\">get down<\/div>\n<div align=\"center\">my love<\/div>\n<div align=\"center\">the devil and the angel<\/div>\n<div align=\"center\">frases<\/div>\n<div align=\"center\">hazy, hazy, crazy, crazy<\/div>\n<div align=\"center\">menina, vem dormir<\/p>\n<p><\/div>\n<div align=\"center\"> <\/div>\n","protected":false},"excerpt":{"rendered":"<p>Bom dia, amigos cultos e ocultos! Nossa semana se inicia bem de acordo com o lema do blog: ouvir m\u00fasica com outros olhos. Nos pr\u00f3ximos dias vou ir postando um pouco de cada monte de disco que arrumei nos \u00faltimos &hellip; <a href=\"https:\/\/www.toque-musicall.com\/?p=546\">Continue lendo <span class=\"meta-nav\">&rarr;<\/span><\/a><\/p>\n","protected":false},"author":1,"featured_media":0,"comment_status":"open","ping_status":"closed","sticky":false,"template":"","format":"standard","meta":{"footnotes":""},"categories":[422,55],"tags":[],"class_list":["post-546","post","type-post","status-publish","format-standard","hentry","category-os-carbonos","category-selo-beverly"],"_links":{"self":[{"href":"https:\/\/www.toque-musicall.com\/index.php?rest_route=\/wp\/v2\/posts\/546","targetHints":{"allow":["GET"]}}],"collection":[{"href":"https:\/\/www.toque-musicall.com\/index.php?rest_route=\/wp\/v2\/posts"}],"about":[{"href":"https:\/\/www.toque-musicall.com\/index.php?rest_route=\/wp\/v2\/types\/post"}],"author":[{"embeddable":true,"href":"https:\/\/www.toque-musicall.com\/index.php?rest_route=\/wp\/v2\/users\/1"}],"replies":[{"embeddable":true,"href":"https:\/\/www.toque-musicall.com\/index.php?rest_route=%2Fwp%2Fv2%2Fcomments&post=546"}],"version-history":[{"count":0,"href":"https:\/\/www.toque-musicall.com\/index.php?rest_route=\/wp\/v2\/posts\/546\/revisions"}],"wp:attachment":[{"href":"https:\/\/www.toque-musicall.com\/index.php?rest_route=%2Fwp%2Fv2%2Fmedia&parent=546"}],"wp:term":[{"taxonomy":"category","embeddable":true,"href":"https:\/\/www.toque-musicall.com\/index.php?rest_route=%2Fwp%2Fv2%2Fcategories&post=546"},{"taxonomy":"post_tag","embeddable":true,"href":"https:\/\/www.toque-musicall.com\/index.php?rest_route=%2Fwp%2Fv2%2Ftags&post=546"}],"curies":[{"name":"wp","href":"https:\/\/api.w.org\/{rel}","templated":true}]}}