{"id":547,"date":"2011-02-20T20:54:00","date_gmt":"2011-02-20T20:54:00","guid":{"rendered":"http:\/\/www.toque-musicall.com\/?p=547"},"modified":"2011-02-20T20:54:00","modified_gmt":"2011-02-20T20:54:00","slug":"ivon-curi-eu-em-portugal-vol-2-1959","status":"publish","type":"post","link":"https:\/\/www.toque-musicall.com\/?p=547","title":{"rendered":"Ivon Curi &#8211; Eu Em Portugal Vol. 2 (1959)"},"content":{"rendered":"<p><a href=\"http:\/\/3.bp.blogspot.com\/-DJoXizTf1HQ\/TWF_uruBoRI\/AAAAAAAAHtk\/6GD6S500xe8\/s1600\/ivion+curi+P.JPG\"><img decoding=\"async\" style=\"text-align: center; margin: 0px auto 10px; width: 400px; display: block; height: 400px;\" id=\"BLOGGER_PHOTO_ID_5575878253647864082\" alt=\"\" src=\"http:\/\/3.bp.blogspot.com\/-DJoXizTf1HQ\/TWF_uruBoRI\/AAAAAAAAHtk\/6GD6S500xe8\/s400\/ivion+curi+P.JPG\" border=\"0\" \/><\/a> Ol\u00e1, amigos cultos e ocultos! O disco de hoje saiu no sorteio, escolhi de maneira aleat\u00f3ria para ficar mais f\u00e1cil. Metendo a m\u00e3o na gaveta, veio logo de primeira este \u00e1lbum do Ivon Curi.<br \/>Lan\u00e7ado em 1959, o lp registra o retorno de Ivon Curi a Portugal. \u00c0 convite de produtores de l\u00e1, devido ao grande sucesso que fez em sua primeira visita, ele volta se apresentando no Teatro S\u00e3o Luiz, em Lisboa. Assim como da outra vez, seus shows acabaram se transformando em discos, lan\u00e7ados pela RCA Victor, gravadora do artista. O \u00e1lbum, obviamente \u00e9 um resumo. O show de despedida durou mais de tr\u00eas horas! Temos aqui bons momentos, um Ivon Curi mais rom\u00e2ntico e po\u00e9tico. O humor, que tamb\u00e9m n\u00e3o pode faltar, se manifesta de maneira moderada. Tudo muito bem dosado.<\/p>\n<div align=\"center\">mensagem a portugal<\/div>\n<div align=\"center\">exagerado<\/div>\n<div align=\"center\">sai menina<\/div>\n<div align=\"center\">lili<\/div>\n<div align=\"center\">cala boca menino<\/div>\n<div align=\"center\">destino de cantor<\/div>\n<div align=\"center\">o xem nhem nhem<\/div>\n<div align=\"center\">reminc\u00eancias<\/div>\n<div align=\"center\">intimidade<\/div>\n<div align=\"center\">poema da l\u00e1grima inoportuna<\/p>\n<p><\/div>\n<div align=\"center\"><\/div>\n<div align=\"center\"><\/div>\n","protected":false},"excerpt":{"rendered":"<p>Ol\u00e1, amigos cultos e ocultos! O disco de hoje saiu no sorteio, escolhi de maneira aleat\u00f3ria para ficar mais f\u00e1cil. Metendo a m\u00e3o na gaveta, veio logo de primeira este \u00e1lbum do Ivon Curi.Lan\u00e7ado em 1959, o lp registra o &hellip; <a href=\"https:\/\/www.toque-musicall.com\/?p=547\">Continue lendo <span class=\"meta-nav\">&rarr;<\/span><\/a><\/p>\n","protected":false},"author":1,"featured_media":0,"comment_status":"open","ping_status":"closed","sticky":false,"template":"","format":"standard","meta":{"footnotes":""},"categories":[612,18],"tags":[],"class_list":["post-547","post","type-post","status-publish","format-standard","hentry","category-ivon-curi","category-selo-rca"],"_links":{"self":[{"href":"https:\/\/www.toque-musicall.com\/index.php?rest_route=\/wp\/v2\/posts\/547","targetHints":{"allow":["GET"]}}],"collection":[{"href":"https:\/\/www.toque-musicall.com\/index.php?rest_route=\/wp\/v2\/posts"}],"about":[{"href":"https:\/\/www.toque-musicall.com\/index.php?rest_route=\/wp\/v2\/types\/post"}],"author":[{"embeddable":true,"href":"https:\/\/www.toque-musicall.com\/index.php?rest_route=\/wp\/v2\/users\/1"}],"replies":[{"embeddable":true,"href":"https:\/\/www.toque-musicall.com\/index.php?rest_route=%2Fwp%2Fv2%2Fcomments&post=547"}],"version-history":[{"count":0,"href":"https:\/\/www.toque-musicall.com\/index.php?rest_route=\/wp\/v2\/posts\/547\/revisions"}],"wp:attachment":[{"href":"https:\/\/www.toque-musicall.com\/index.php?rest_route=%2Fwp%2Fv2%2Fmedia&parent=547"}],"wp:term":[{"taxonomy":"category","embeddable":true,"href":"https:\/\/www.toque-musicall.com\/index.php?rest_route=%2Fwp%2Fv2%2Fcategories&post=547"},{"taxonomy":"post_tag","embeddable":true,"href":"https:\/\/www.toque-musicall.com\/index.php?rest_route=%2Fwp%2Fv2%2Ftags&post=547"}],"curies":[{"name":"wp","href":"https:\/\/api.w.org\/{rel}","templated":true}]}}