{"id":548,"date":"2011-02-19T12:43:00","date_gmt":"2011-02-19T12:43:00","guid":{"rendered":"http:\/\/www.toque-musicall.com\/?p=548"},"modified":"2011-02-19T12:43:00","modified_gmt":"2011-02-19T12:43:00","slug":"bossa-pelo-mundo-selecao-toque-musical-2011","status":"publish","type":"post","link":"https:\/\/www.toque-musicall.com\/?p=548","title":{"rendered":"Bossa Pelo Mundo &#8211; Sele\u00e7\u00e3o Toque Musical (2011)"},"content":{"rendered":"<p><a href=\"http:\/\/1.bp.blogspot.com\/-Bi_cEt9lwyI\/TV_KmsnJkSI\/AAAAAAAAHtM\/nmeFdQGhOOc\/s1600\/folder.jpg\"><img decoding=\"async\" style=\"TEXT-ALIGN: center; MARGIN: 0px auto 10px; WIDTH: 390px; DISPLAY: block; HEIGHT: 400px; CURSOR: hand\" id=\"BLOGGER_PHOTO_ID_5575397629867168034\" border=\"0\" alt=\"\" src=\"http:\/\/1.bp.blogspot.com\/-Bi_cEt9lwyI\/TV_KmsnJkSI\/AAAAAAAAHtM\/nmeFdQGhOOc\/s400\/folder.jpg\" \/><\/a>Quando eu era adolescente, tinha por h\u00e1bito gravar fitas cassetes, fazendo sele\u00e7\u00f5es musicais para ouvir no meu \u2018walkman\u2019 e consequentemente fazia tamb\u00e9m para os amigos. N\u00e3o havia um que n\u00e3o ficasse encantado com as minhas colet\u00e2neas. Na \u00e9poca eram mais de rock e pop, mas havia tamb\u00e9m espa\u00e7o para a MPB. Eu gostava tanto de selecionar as m\u00fasicas com tamb\u00e9m de compor as capinhas para essas fitas. Naquela \u00e9poca eu nem imaginava que um dia chegar\u00edamos onde estamos. Hoje tenho todas as ferramentas necess\u00e1rias para isso, com a vantagem de fazer ainda mais bem feito e com qualidade. Por v\u00e1rias vezes pensei em fazer um blog s\u00f3 para colet\u00e2neas. Mod\u00e9stia a parte, eu acho que sou muito bom como programador musical, mais ainda se deixarem a escolha totalmente por minha conta (hehehe&#8230;). Mas a verdade \u00e9 que eu n\u00e3o tenho aproveitado essa ideia como poderia. De vez em quando, se sobra um tempinho (ou melhor, um temp\u00e3o), eu at\u00e9 fa\u00e7o.<br \/>Ontem \u00e0 noite eu fiquei bem por conta do \u2018atoa\u2019. Ouvindo alguns discos de jazz e bossa, surgiu a ideia de uma sele\u00e7\u00e3o internacional de int\u00e9rpretes da m\u00fasica brasileira. Criei duas colet\u00e2neas com os discos\/arquivos que tinha dispon\u00edvel no momento, uma exclusivamente de Bossa Nova e a outra um pouco mais variada, que se for do gosto da freguesia, entra numa pr\u00f3xima oportunidade.<br \/>A sele\u00e7\u00e3o musical de \u201cA Bossa Pelo Mundo\u201d re\u00fane uma s\u00e9rie, extra\u00eddas de excelentes \u00e1lbuns e artistas internacionais. Figuras como Quincy Jones, Les Baxter, Enoch Light, Stan Getz, Clare Fischer, Cal Tjader, Esquivel e outras tantas p\u00e9rolas da boa m\u00fasica estrangeira, fazem parte desta minha colet\u00e2nea exclusiva. Al\u00e9m de serem \u00f3timas interpreta\u00e7\u00f5es, com arranjos dos mais variados, s\u00e3o tamb\u00e9m grava\u00e7\u00f5es raras, que agu\u00e7am o nosso interesse em ouvir. Conhecer a vis\u00e3o do estrangeiro sobre a nossa maior cultura, a m\u00fasica, \u00e9 tamb\u00e9m uma forma de entender como eles nos enxergam. \u00c9 entender sem muitas explica\u00e7\u00f5es o porqu\u00ea nossa m\u00fasica faz tanto sucesso pelo mundo. Espero que os amigos cultos e ocultos gostem da colet\u00e2nea. A capinha n\u00e3o ficou l\u00e1 essas coisas, pois foi a \u00faltima parte do trabalho e nessa altura eu j\u00e1 estava com os olhos marejados de sono e a cabe\u00e7a em outro mundo. De todo, acho que est\u00e1 apresent\u00e1vel, muito embora mais pare\u00e7a capa de disco dos anos 80. Fiquem \u00e0 vontade para criticar. Todo coment\u00e1rio \u00e9 bem vindo se vem para somar. \ud83d\ude09  <\/p>\n<div align=\"center\">\u00e1gua de beber &#8211; esquivel<\/div>\n<div align=\"center\">bim bom &#8211; stan getz<\/div>\n<div align=\"center\">chega de saudade &#8211; paul winter sextet<\/div>\n<div align=\"center\">corcovado &#8211; harry allen<\/div>\n<div align=\"center\">desafinado &#8211; quincy jones<\/div>\n<div align=\"center\">ela \u00e9 carioca &#8211; stanley turrentine<\/div>\n<div align=\"center\">a felicidade &#8211; les baxter<\/div>\n<div align=\"center\">garota de ipanema &#8211; clare fischer<\/div>\n<div align=\"center\">manh\u00e3 de carnaval &#8211; quincy jones<\/div>\n<div align=\"center\">maria ningu\u00e9m &#8211; paul winter<\/div>\n<div align=\"center\">medita\u00e7\u00e3o &#8211; alfredo urdian<\/div>\n<div align=\"center\">minha saudade &#8211; herbie mann<\/div>\n<div align=\"center\">n\u00e3o diga nada &#8211; cal tjader<\/div>\n<div align=\"center\">noite triste &#8211; stan getz<\/div>\n<div align=\"center\">o barquinho &#8211; enoch light<\/div>\n<div align=\"center\">samba de uma nota s\u00f3 &#8211; enoch light<\/div>\n<div align=\"center\">samba do avi\u00e3o &#8211; stanley turrentine<\/div>\n<div align=\"center\">samba para dois &#8211; eddie harris<\/div>\n<div align=\"center\">se \u00e9 tarde me perdoa &#8211; cal tjader<\/div>\n<div align=\"center\">s\u00f3 dan\u00e7o samba &#8211; clare fischer<\/div>\n<div align=\"center\">surfboard &#8211; esquivel<\/div>\n<div align=\"center\">vivo sonhando &#8211; los gamma<\/div>\n<div align=\"center\"> <\/div>\n<div align=\"center\"> <\/div>\n","protected":false},"excerpt":{"rendered":"<p>Quando eu era adolescente, tinha por h\u00e1bito gravar fitas cassetes, fazendo sele\u00e7\u00f5es musicais para ouvir no meu \u2018walkman\u2019 e consequentemente fazia tamb\u00e9m para os amigos. N\u00e3o havia um que n\u00e3o ficasse encantado com as minhas colet\u00e2neas. Na \u00e9poca eram mais &hellip; <a href=\"https:\/\/www.toque-musicall.com\/?p=548\">Continue lendo <span class=\"meta-nav\">&rarr;<\/span><\/a><\/p>\n","protected":false},"author":1,"featured_media":0,"comment_status":"open","ping_status":"closed","sticky":false,"template":"","format":"standard","meta":{"footnotes":""},"categories":[720,180],"tags":[],"class_list":["post-548","post","type-post","status-publish","format-standard","hentry","category-a-bossa-pelo-mundo","category-bootleg"],"_links":{"self":[{"href":"https:\/\/www.toque-musicall.com\/index.php?rest_route=\/wp\/v2\/posts\/548","targetHints":{"allow":["GET"]}}],"collection":[{"href":"https:\/\/www.toque-musicall.com\/index.php?rest_route=\/wp\/v2\/posts"}],"about":[{"href":"https:\/\/www.toque-musicall.com\/index.php?rest_route=\/wp\/v2\/types\/post"}],"author":[{"embeddable":true,"href":"https:\/\/www.toque-musicall.com\/index.php?rest_route=\/wp\/v2\/users\/1"}],"replies":[{"embeddable":true,"href":"https:\/\/www.toque-musicall.com\/index.php?rest_route=%2Fwp%2Fv2%2Fcomments&post=548"}],"version-history":[{"count":0,"href":"https:\/\/www.toque-musicall.com\/index.php?rest_route=\/wp\/v2\/posts\/548\/revisions"}],"wp:attachment":[{"href":"https:\/\/www.toque-musicall.com\/index.php?rest_route=%2Fwp%2Fv2%2Fmedia&parent=548"}],"wp:term":[{"taxonomy":"category","embeddable":true,"href":"https:\/\/www.toque-musicall.com\/index.php?rest_route=%2Fwp%2Fv2%2Fcategories&post=548"},{"taxonomy":"post_tag","embeddable":true,"href":"https:\/\/www.toque-musicall.com\/index.php?rest_route=%2Fwp%2Fv2%2Ftags&post=548"}],"curies":[{"name":"wp","href":"https:\/\/api.w.org\/{rel}","templated":true}]}}