{"id":5480,"date":"2016-03-17T23:32:12","date_gmt":"2016-03-18T02:32:12","guid":{"rendered":"http:\/\/www.toque-musicall.com\/?p=5480"},"modified":"2016-03-20T18:02:42","modified_gmt":"2016-03-20T21:02:42","slug":"i-festival-universitario-da-musica-popular-brasileira-porto-alegre-1968","status":"publish","type":"post","link":"https:\/\/www.toque-musicall.com\/?p=5480","title":{"rendered":"I Festival Universit\u00e1rio Da M\u00fasica Popular Brasileira &#8211; Porto Alegre (1968)"},"content":{"rendered":"<p><img loading=\"lazy\" decoding=\"async\" class=\"aligncenter\" src=\"https:\/\/3.bp.blogspot.com\/-y0uAAIMI8BY\/Vus5mtcI3xI\/AAAAAAAAMy8\/Kv5e9ikcErMx8fjZNUhdlvZrKGZpKSZXA\/s640\/capap.JPG\" alt=\"\" width=\"637\" height=\"640\" \/><img loading=\"lazy\" decoding=\"async\" class=\"aligncenter\" src=\"https:\/\/3.bp.blogspot.com\/-3OQX_k7IcLY\/Vus5mA9qwbI\/AAAAAAAAMy4\/QDI17yzUSio4pPZ41mZpBH4-KnDKX1HCw\/s640\/contrap.JPG\" alt=\"\" width=\"640\" height=\"625\" \/><\/p>\n<p>Ol\u00e1 amigos cultos e ocultos! Aqui estamos n\u00f3s para mais uma boa postagem. Mais um excelente disco da leva do meu amigo F\u00e1res. Desta vez com um \u00e1lbum raro, um disco de festival que n\u00e3o se v\u00ea por a\u00ed. Ali\u00e1s, um disco que eu n\u00e3o conhecia e certamente muita gente por aqui tamb\u00e9m n\u00e3o.<br \/>\nTrata-se do I Festival Universit\u00e1rio da M\u00fasica Popular Brasileira, realizado em Porto Alegre, em 1968. O disco traz 13 m\u00fasicas das 17 finalistas. Foi gravado no Rio de Janeiro e contou com a interpreta\u00e7\u00e3o de outros artistas, tais como Edu Lobo, Joyce, M\u00e1rcia, Gal Costa, Sonia Lemos, Paulo Marquez e Momento Quatro, Neste festival a m\u00fasica vencedora foi &#8220;Jogo de Viola&#8221;, de Jo\u00e3o Alberto Soares e Paulinho Pinho, interpretado neste lp por Edu Lobo e Lucelena. Confiram no GT<a href=\"http:\/\/depositfiles.org\/files\/la7xs46ek\" target=\"_blank\">M<\/a> \ud83d\ude09<\/p>\n<div style=\"text-align: center;\">canto pra dizer te adeus &#8211; m\u00e1rcia<\/div>\n<div style=\"text-align: center;\">domingo antigo &#8211; gal costa<\/div>\n<div style=\"text-align: center;\">voc\u00ea por telegrama &#8211; joyce<\/div>\n<div style=\"text-align: center;\">minha chegada &#8211; ruy felipe<\/div>\n<div style=\"text-align: center;\">quem vem l\u00e1 &#8211; sonia lemos<\/div>\n<div style=\"text-align: center;\">samba do cotidiano &#8211; paulo marquez<\/div>\n<div style=\"text-align: center;\">jogo de viola &#8211; edu lobo e lucelena<\/div>\n<div style=\"text-align: center;\">a caminho de casa &#8211; magda<\/div>\n<div style=\"text-align: center;\">canto do encontro &#8211; momento quatro<\/div>\n<div style=\"text-align: center;\">can\u00e7\u00e3o do entardecer &#8211; lucelena<\/div>\n<div style=\"text-align: center;\">t\u00e1 na hora &#8211; paulo marquez<\/div>\n<div style=\"text-align: center;\">fantasia urbana &#8211; marcia<\/div>\n<div style=\"text-align: center;\">sim ou n\u00e3o &#8211; junaldo<\/div>\n<div style=\"text-align: center;\"><\/div>\n<div>.<\/div>\n","protected":false},"excerpt":{"rendered":"<p>Ol\u00e1 amigos cultos e ocultos! Aqui estamos n\u00f3s para mais uma boa postagem. Mais um excelente disco da leva do meu amigo F\u00e1res. Desta vez com um \u00e1lbum raro, um disco de festival que n\u00e3o se v\u00ea por a\u00ed. Ali\u00e1s, &hellip; <a href=\"https:\/\/www.toque-musicall.com\/?p=5480\">Continue lendo <span class=\"meta-nav\">&rarr;<\/span><\/a><\/p>\n","protected":false},"author":1,"featured_media":0,"comment_status":"closed","ping_status":"closed","sticky":false,"template":"","format":"standard","meta":{"footnotes":""},"categories":[293,278,291,2671,950,1538,891],"tags":[],"class_list":["post-5480","post","type-post","status-publish","format-standard","hentry","category-edu-lobo","category-festivais","category-gal-costa","category-i-festival-universitario-da-musica-popular-brasileira-porto-alegre","category-joyce","category-momento-quatro","category-paulo-marquez"],"_links":{"self":[{"href":"https:\/\/www.toque-musicall.com\/index.php?rest_route=\/wp\/v2\/posts\/5480","targetHints":{"allow":["GET"]}}],"collection":[{"href":"https:\/\/www.toque-musicall.com\/index.php?rest_route=\/wp\/v2\/posts"}],"about":[{"href":"https:\/\/www.toque-musicall.com\/index.php?rest_route=\/wp\/v2\/types\/post"}],"author":[{"embeddable":true,"href":"https:\/\/www.toque-musicall.com\/index.php?rest_route=\/wp\/v2\/users\/1"}],"replies":[{"embeddable":true,"href":"https:\/\/www.toque-musicall.com\/index.php?rest_route=%2Fwp%2Fv2%2Fcomments&post=5480"}],"version-history":[{"count":4,"href":"https:\/\/www.toque-musicall.com\/index.php?rest_route=\/wp\/v2\/posts\/5480\/revisions"}],"predecessor-version":[{"id":5484,"href":"https:\/\/www.toque-musicall.com\/index.php?rest_route=\/wp\/v2\/posts\/5480\/revisions\/5484"}],"wp:attachment":[{"href":"https:\/\/www.toque-musicall.com\/index.php?rest_route=%2Fwp%2Fv2%2Fmedia&parent=5480"}],"wp:term":[{"taxonomy":"category","embeddable":true,"href":"https:\/\/www.toque-musicall.com\/index.php?rest_route=%2Fwp%2Fv2%2Fcategories&post=5480"},{"taxonomy":"post_tag","embeddable":true,"href":"https:\/\/www.toque-musicall.com\/index.php?rest_route=%2Fwp%2Fv2%2Ftags&post=5480"}],"curies":[{"name":"wp","href":"https:\/\/api.w.org\/{rel}","templated":true}]}}