{"id":5486,"date":"2016-03-18T20:59:40","date_gmt":"2016-03-18T23:59:40","guid":{"rendered":"http:\/\/www.toque-musicall.com\/?p=5486"},"modified":"2016-03-20T21:14:11","modified_gmt":"2016-03-21T00:14:11","slug":"velha-bossa-nova-1976","status":"publish","type":"post","link":"https:\/\/www.toque-musicall.com\/?p=5486","title":{"rendered":"Velha Bossa Nova (1976)"},"content":{"rendered":"<p><img loading=\"lazy\" decoding=\"async\" class=\"aligncenter\" src=\"https:\/\/4.bp.blogspot.com\/-rfSO62EK764\/Vu8v7R5JhhI\/AAAAAAAAMzU\/NoMRD7dvGSIYSq5Ju1Pv-vkk4jKfrXxnQ\/s640\/capap.JPG\" alt=\"\" width=\"640\" height=\"634\" \/><img loading=\"lazy\" decoding=\"async\" class=\"aligncenter\" src=\"https:\/\/1.bp.blogspot.com\/-E6mbCSUPfAw\/Vu8v7pJIsHI\/AAAAAAAAMzQ\/WlBGyVhEgcoiiZ87LVWRerOAcBYKADcew\/s640\/contrap.JPG\" alt=\"\" width=\"640\" height=\"636\" \/><\/p>\n<p>Boa noite, amigos cultos e ocultos! Segue aqui mais um disco da s\u00e9rie &#8216;doa\u00e7\u00e3o&#8217; que eu acredito que todos ir\u00e3o gostar. Trata-se de uma colet\u00e2nea. Colet\u00e2neas s\u00e3o sempre muito bem vidas, principalmente se for de Bossa Nova e ainda com um time e repert\u00f3rio que foge ao comum. Eis aqui um lan\u00e7amento da RCA Victor, de 1976. S\u00e3o 18 faixas bem escolhidas do arquivo da gravadora durante a d\u00e9cada de 60. Ao falar em 18 m\u00fasicas e vendo pela capa e contracapa uma lista t\u00e3o grande de artistas h\u00e1 de se pensar que este \u00e9 um \u00e1lbum duplo. Mas n\u00e3o \u00e9 duplo e curiosamente tamb\u00e9m n\u00e3o s\u00e3o grava\u00e7\u00f5es reduzidas. Para meu espanto, conseguiram enfiar num lp de 12 polegadas 18 m\u00fasicas e sem corte. Uma prova de capacidade acima do normal para um lp.<\/p>\n<div style=\"text-align: center;\">samba pro pedrinho &#8211; walter santos<\/div>\n<div style=\"text-align: center;\">voc\u00ea sabe &#8211; flora purim<\/div>\n<div style=\"text-align: center;\">estamos a\u00ed &#8211; raulzinho (raul de souza)<\/div>\n<div style=\"text-align: center;\">chora tua tristeza &#8211; alaide costa<\/div>\n<div style=\"text-align: center;\">receita para esquecer &#8211; leny andrade<\/div>\n<div style=\"text-align: center;\">s\u00f3 tinha de ser com voc\u00ea &#8211; trio 3d<\/div>\n<div style=\"text-align: center;\">cart\u00e3o de visita &#8211; flora purim<\/div>\n<div style=\"text-align: center;\">amanh\u00e3 &#8211; walter santos<\/div>\n<div style=\"text-align: center;\">vem balan\u00e7ar &#8211; conjunto mario castro neves<\/div>\n<div style=\"text-align: center;\">complica\u00e7\u00e3o &#8211; alaide costa<\/div>\n<div style=\"text-align: center;\">a vontade mesmo &#8211; raulzinho (raul de souza)<\/div>\n<div style=\"text-align: center;\">dindi &#8211; alaide costa<\/div>\n<div style=\"text-align: center;\">o que \u00e9 amar &#8211; johnny alf<\/div>\n<div style=\"text-align: center;\">meu amor foi embora &#8211; leny andrade<\/div>\n<div style=\"text-align: center;\">minha namorada &#8211; trio 3d<\/div>\n<div style=\"text-align: center;\">nem o mar sabia &#8211; flora purim<\/div>\n<div style=\"text-align: center;\">demais \/ meu mundo caiu \/ preciso aprender a ser s\u00f3 &#8211; maysa<\/div>\n<div style=\"text-align: center;\">wave (vou te contar) &#8211; os cariocas e l\u00facio alves<\/div>\n<div style=\"text-align: center;\"><\/div>\n<div style=\"text-align: center;\">.<\/div>\n","protected":false},"excerpt":{"rendered":"<p>Boa noite, amigos cultos e ocultos! Segue aqui mais um disco da s\u00e9rie &#8216;doa\u00e7\u00e3o&#8217; que eu acredito que todos ir\u00e3o gostar. Trata-se de uma colet\u00e2nea. Colet\u00e2neas s\u00e3o sempre muito bem vidas, principalmente se for de Bossa Nova e ainda com &hellip; <a href=\"https:\/\/www.toque-musicall.com\/?p=5486\">Continue lendo <span class=\"meta-nav\">&rarr;<\/span><\/a><\/p>\n","protected":false},"author":1,"featured_media":0,"comment_status":"open","ping_status":"closed","sticky":false,"template":"","format":"standard","meta":{"footnotes":""},"categories":[700,2673,1181,568,555,645,1359,290,806,277,1717,2672],"tags":[],"class_list":["post-5486","post","type-post","status-publish","format-standard","hentry","category-alaide-costa","category-conjunto-mario-castro-neves","category-flora-purin","category-johnny-alf","category-leny-andrade","category-lucio-alves","category-maysa","category-os-cariocas","category-raul-de-souza","category-selo-rca-camden","category-trio-3-d","category-walter-santos"],"_links":{"self":[{"href":"https:\/\/www.toque-musicall.com\/index.php?rest_route=\/wp\/v2\/posts\/5486","targetHints":{"allow":["GET"]}}],"collection":[{"href":"https:\/\/www.toque-musicall.com\/index.php?rest_route=\/wp\/v2\/posts"}],"about":[{"href":"https:\/\/www.toque-musicall.com\/index.php?rest_route=\/wp\/v2\/types\/post"}],"author":[{"embeddable":true,"href":"https:\/\/www.toque-musicall.com\/index.php?rest_route=\/wp\/v2\/users\/1"}],"replies":[{"embeddable":true,"href":"https:\/\/www.toque-musicall.com\/index.php?rest_route=%2Fwp%2Fv2%2Fcomments&post=5486"}],"version-history":[{"count":1,"href":"https:\/\/www.toque-musicall.com\/index.php?rest_route=\/wp\/v2\/posts\/5486\/revisions"}],"predecessor-version":[{"id":5487,"href":"https:\/\/www.toque-musicall.com\/index.php?rest_route=\/wp\/v2\/posts\/5486\/revisions\/5487"}],"wp:attachment":[{"href":"https:\/\/www.toque-musicall.com\/index.php?rest_route=%2Fwp%2Fv2%2Fmedia&parent=5486"}],"wp:term":[{"taxonomy":"category","embeddable":true,"href":"https:\/\/www.toque-musicall.com\/index.php?rest_route=%2Fwp%2Fv2%2Fcategories&post=5486"},{"taxonomy":"post_tag","embeddable":true,"href":"https:\/\/www.toque-musicall.com\/index.php?rest_route=%2Fwp%2Fv2%2Ftags&post=5486"}],"curies":[{"name":"wp","href":"https:\/\/api.w.org\/{rel}","templated":true}]}}