{"id":549,"date":"2011-02-18T08:46:00","date_gmt":"2011-02-18T08:46:00","guid":{"rendered":"http:\/\/www.toque-musicall.com\/?p=549"},"modified":"2011-02-18T08:46:00","modified_gmt":"2011-02-18T08:46:00","slug":"raul-boeira-volume-um-2009","status":"publish","type":"post","link":"https:\/\/www.toque-musicall.com\/?p=549","title":{"rendered":"Raul Boeira &#8211; Volume Um (2009)"},"content":{"rendered":"<p><a href=\"http:\/\/1.bp.blogspot.com\/-VUHVKhfpihg\/TV44WrIi76I\/AAAAAAAAHtA\/6taWtgCBdYI\/s1600\/raul+F.JPG\"><img decoding=\"async\" style=\"TEXT-ALIGN: center; MARGIN: 0px auto 10px; WIDTH: 400px; DISPLAY: block; HEIGHT: 374px; CURSOR: hand\" id=\"BLOGGER_PHOTO_ID_5574955350918098850\" border=\"0\" alt=\"\" src=\"http:\/\/1.bp.blogspot.com\/-VUHVKhfpihg\/TV44WrIi76I\/AAAAAAAAHtA\/6taWtgCBdYI\/s400\/raul+F.JPG\" \/><\/a> Bom dia, amigos cultos e ocultos! Deixa eu aproveitar a sentada aqui, enquanto tomo o meu caf\u00e9, para montar a postagem de hoje. Finalmente, depois de muita enrola\u00e7\u00e3o da minha parte, estou trazendo aqui para o Toque Musical o excelente \u00e1lbum do cantor e compositor ga\u00facho, Raul Boeira. H\u00e1 mais de um m\u00eas tenho ensaiado a apresenta\u00e7\u00e3o deste trabalho, mas devido \u00e0 alguns probleminhas e \u00e0 pr\u00f3pria agenda que criei no blog para os \u00e1lbum\/artistas independentes, s\u00f3 foi poss\u00edvel post\u00e1-lo agora. Com isso perdi a exclusividade de t\u00ea-lo em primeira m\u00e3o, mas em se tratando de uma obra de excelente qualidade, como \u00e9 &#8220;Volume Um&#8221; e tamb\u00e9m pela generosidade e aten\u00e7\u00e3o de Raul Boeira, eu jamais deixaria de post\u00e1-lo. Aproveitei a viagem para ouvir com carinho este disco e como nem sempre eu escuto m\u00fasica sozinho, acabei conquistando uma s\u00e9rie de amigos, que logo perguntaram: que som legal \u00e9 esse que est\u00e1 tocando? Pois \u00e9, um som muito legal mesmo, m\u00fasica ga\u00facha sem sotaque, ou por outra e acima de tudo, m\u00fasica popular brasileira da melhor qualidade. Raul \u00e9 um artista que ultrapassa os limites fronteiri\u00e7os e sua arte lhe d\u00e1 asas (sem tomar Red Bull) para alcan\u00e7ar v\u00f4os at\u00e9 intenacionais. M\u00fasica moderna, bem feita e bem executada. Raul me enviou tudo prontinho, o que facilitou ainda mais a minha vida de &#8216;blogueiro sem tempo para o blog&#8217;. Incluo, logo a baixo, parte do &#8216;release&#8217; para que voc\u00eas possam conhecer melhor o nosso artista do dia e seu disco:<br \/><em>Em 2009, Raul Boeira lan\u00e7ou Volume Um, disco produzido no Rio de Janeiro, no legend\u00e1rio est\u00fadio Nas Nuvens, com dire\u00e7\u00e3o musical do pianista e arranjador Dudu Trentin, que atuou algum tempo em Passo Fundo, depois em Porto Alegre (Cheiro de Vida, Vitor Ramil, Nei Lisboa), Viena e hoje vive na capital carioca. O CD tem sambas, ijex\u00e1, xote, bai\u00e3o, partido alto, toada, al\u00e9m de candombe e milonga. O repert\u00f3rio traz doze can\u00e7\u00f5es: O poder da benzedura, Negro cora\u00e7\u00e3o e Clari\u00f4 (ambas em parceria com Alegre Corr\u00eaa), Oferenda, Doutor Cip\u00f3, Na beira do rio, Pro pandeiro n\u00e3o cair, Minha reza, Castelhana, Com o azul nos olhos (parceria com o porto-alegrense M\u00e1rio Falc\u00e3o), Tatarav\u00f4 e Laranjeira. O &#8216;cast&#8217; conta com instrumentistas do primeiro time da MPB. Os guitarristas Ricardo Silveira, Lula Galv\u00e3o, Celso Fonseca, Torcuato Mariano, Fernando Caneca, Jo\u00e3o Gaspar e Julio Herrlein; os baixistas Andr\u00e9 Vasconcellos e Andr\u00e9 Rodrigues;  o baterista Alexandre Fonseca;  os percussionistas Sidinho Moreira e Firmino;  o flautista Marcelo Martins; o violinista Glauco Fernandes e o acordeonista L\u00e9o Brand\u00e3o. A cantora carioca Barbara Mendes cantou em uma faixa. Atuaram como backing vocals Juliano Cortuah, Nina Pancevski e Lu Duque.<\/em><br \/>Outras informa\u00e7\u00f5es, voc\u00eas poder\u00e3o encontrar em anexo ao arquivo do disco. Quem ainda n\u00e3o o ouviu por a\u00ed, n\u00e3o devem perder esta oportunidade. Eu recomendo&#8230;<\/p>\n<div align=\"center\">o poder da benzendura<\/div>\n<div align=\"center\">negro cora\u00e7\u00e3o<\/div>\n<div align=\"center\">oferenda<\/div>\n<div align=\"center\">doutor cip\u00f3<\/div>\n<div align=\"center\">na beira do rio<\/div>\n<div align=\"center\">pro pandeiro n\u00e3o cair<\/div>\n<div align=\"center\">minha reza<\/div>\n<div align=\"center\">castelheana<\/div>\n<div align=\"center\">com o azul nos olhos<\/div>\n<div align=\"center\">tatarav\u00f4<\/div>\n<div align=\"center\">laranjeira<\/div>\n<div align=\"center\">clari\u00f4<\/div>\n<div align=\"center\"> <\/div>\n<div align=\"center\"> <\/div>\n","protected":false},"excerpt":{"rendered":"<p>Bom dia, amigos cultos e ocultos! Deixa eu aproveitar a sentada aqui, enquanto tomo o meu caf\u00e9, para montar a postagem de hoje. Finalmente, depois de muita enrola\u00e7\u00e3o da minha parte, estou trazendo aqui para o Toque Musical o excelente &hellip; <a href=\"https:\/\/www.toque-musicall.com\/?p=549\">Continue lendo <span class=\"meta-nav\">&rarr;<\/span><\/a><\/p>\n","protected":false},"author":1,"featured_media":0,"comment_status":"open","ping_status":"closed","sticky":false,"template":"","format":"standard","meta":{"footnotes":""},"categories":[843],"tags":[],"class_list":["post-549","post","type-post","status-publish","format-standard","hentry","category-raul-boeira"],"_links":{"self":[{"href":"https:\/\/www.toque-musicall.com\/index.php?rest_route=\/wp\/v2\/posts\/549","targetHints":{"allow":["GET"]}}],"collection":[{"href":"https:\/\/www.toque-musicall.com\/index.php?rest_route=\/wp\/v2\/posts"}],"about":[{"href":"https:\/\/www.toque-musicall.com\/index.php?rest_route=\/wp\/v2\/types\/post"}],"author":[{"embeddable":true,"href":"https:\/\/www.toque-musicall.com\/index.php?rest_route=\/wp\/v2\/users\/1"}],"replies":[{"embeddable":true,"href":"https:\/\/www.toque-musicall.com\/index.php?rest_route=%2Fwp%2Fv2%2Fcomments&post=549"}],"version-history":[{"count":0,"href":"https:\/\/www.toque-musicall.com\/index.php?rest_route=\/wp\/v2\/posts\/549\/revisions"}],"wp:attachment":[{"href":"https:\/\/www.toque-musicall.com\/index.php?rest_route=%2Fwp%2Fv2%2Fmedia&parent=549"}],"wp:term":[{"taxonomy":"category","embeddable":true,"href":"https:\/\/www.toque-musicall.com\/index.php?rest_route=%2Fwp%2Fv2%2Fcategories&post=549"},{"taxonomy":"post_tag","embeddable":true,"href":"https:\/\/www.toque-musicall.com\/index.php?rest_route=%2Fwp%2Fv2%2Ftags&post=549"}],"curies":[{"name":"wp","href":"https:\/\/api.w.org\/{rel}","templated":true}]}}