{"id":5495,"date":"2016-03-24T18:14:56","date_gmt":"2016-03-24T21:14:56","guid":{"rendered":"http:\/\/www.toque-musicall.com\/?p=5495"},"modified":"2016-03-26T18:16:38","modified_gmt":"2016-03-26T21:16:38","slug":"momento-universitario-1977","status":"publish","type":"post","link":"https:\/\/www.toque-musicall.com\/?p=5495","title":{"rendered":"Momento Universit\u00e1rio (1977)"},"content":{"rendered":"<p><img loading=\"lazy\" decoding=\"async\" class=\"aligncenter\" src=\"https:\/\/2.bp.blogspot.com\/-AVbspevqovU\/Vvbyi5-5tSI\/AAAAAAAAM0g\/4V0tPiLY6ys-c_VglKEIoB3v5EX1y4FYw\/s640\/capap.JPG\" alt=\"\" width=\"637\" height=\"640\" \/><img loading=\"lazy\" decoding=\"async\" class=\"aligncenter\" src=\"https:\/\/4.bp.blogspot.com\/-GtuZtOs0ahI\/VvbyjFlSDiI\/AAAAAAAAM0k\/YtllL6FaoHw6ya31HvwSZVyeL8RIbxWUQ\/s640\/contrap.JPG\" alt=\"\" width=\"640\" height=\"636\" \/><\/p>\n<p>Ol\u00e1 amigos cultos e ocultos! Em tempos de incertezas pol\u00edticas \u00e9 sempre bom a gente lembrar fatos que muito se assemelham aos atuais. Tamb\u00e9m, relembrando o que era um momento universit\u00e1rio, quanto essa turma era mais engajada. Se fossem fazer hoje um disco do momento universit\u00e1rio, com certeza, seria um desastre musical, cheio de funk, rap e sertanejo, claro.<br \/>\nNesta colet\u00e2nea que eu agora trago, temos um repert\u00f3rio impec\u00e1vel, com m\u00fasicas e artistas de primeir\u00edssima linha. Sucessos consagrados pelo p\u00fablico e pela cr\u00edtica. Esta colet\u00e2nea foi produzida pela EMI Odeon em 1977, reunindo alguns de seus mais representativos artistas. O disco fez tanto sucesso que no ano seguinte ele lan\u00e7aram um segundo volume. Esse, eu trago no pr\u00f3ximo post para n\u00e3o ficarmos incompletos, ok? Divirtam-s<a href=\"http:\/\/depositfiles.com\/files\/1yjfzijrf\" target=\"_blank\">e<\/a>&#8230;<\/p>\n<div style=\"text-align: center;\">canto brasileiro &#8211; paulo cesar pinheiro<\/div>\n<div style=\"text-align: center;\">pesadelo &#8211; paulo cesar pinheiro<\/div>\n<div style=\"text-align: center;\">arueira &#8211; geraldo vandr\u00e9<\/div>\n<div style=\"text-align: center;\">viola enluarada &#8211; marcos valle e milton nascimento<\/div>\n<div style=\"text-align: center;\">cabra seca &#8211; marlene<\/div>\n<div style=\"text-align: center;\">galope &#8211; luiz gonzaga jr<\/div>\n<div style=\"text-align: center;\">o que ser\u00e1 &#8211; simone<\/div>\n<div style=\"text-align: center;\">cartomante &#8211; ivan lins<\/div>\n<div style=\"text-align: center;\">no\u00e7\u00e3o da batalha &#8211; carlinhos vergueiro<\/div>\n<div style=\"text-align: center;\">o trem t\u00e1 feio &#8211; simone<\/div>\n<div style=\"text-align: center;\">catecismo &#8211; paulo cesar pinheiro<\/div>\n<div style=\"text-align: center;\">quadras de roda &#8211; ivan lins<\/div>\n<div style=\"text-align: center;\">come\u00e7aria tudo outra vez &#8211; luiz gonzaga jr<\/div>\n<div style=\"text-align: center;\"><\/div>\n<div style=\"text-align: center;\">.<\/div>\n","protected":false},"excerpt":{"rendered":"<p>Ol\u00e1 amigos cultos e ocultos! Em tempos de incertezas pol\u00edticas \u00e9 sempre bom a gente lembrar fatos que muito se assemelham aos atuais. Tamb\u00e9m, relembrando o que era um momento universit\u00e1rio, quanto essa turma era mais engajada. Se fossem fazer &hellip; <a href=\"https:\/\/www.toque-musicall.com\/?p=5495\">Continue lendo <span class=\"meta-nav\">&rarr;<\/span><\/a><\/p>\n","protected":false},"author":1,"featured_media":0,"comment_status":"open","ping_status":"closed","sticky":false,"template":"","format":"standard","meta":{"footnotes":""},"categories":[527,64,258,768,1810,67,103,322,1562,244],"tags":[],"class_list":["post-5495","post","type-post","status-publish","format-standard","hentry","category-carlinhos-vergueiro","category-coletanea","category-geraldo-vandre","category-ivan-lins","category-luiz-gonzaga-jr","category-marcos-valle","category-marlene","category-milton-nascimento","category-paulo-cesar-pinheiro","category-selo-emi-odeon"],"_links":{"self":[{"href":"https:\/\/www.toque-musicall.com\/index.php?rest_route=\/wp\/v2\/posts\/5495","targetHints":{"allow":["GET"]}}],"collection":[{"href":"https:\/\/www.toque-musicall.com\/index.php?rest_route=\/wp\/v2\/posts"}],"about":[{"href":"https:\/\/www.toque-musicall.com\/index.php?rest_route=\/wp\/v2\/types\/post"}],"author":[{"embeddable":true,"href":"https:\/\/www.toque-musicall.com\/index.php?rest_route=\/wp\/v2\/users\/1"}],"replies":[{"embeddable":true,"href":"https:\/\/www.toque-musicall.com\/index.php?rest_route=%2Fwp%2Fv2%2Fcomments&post=5495"}],"version-history":[{"count":1,"href":"https:\/\/www.toque-musicall.com\/index.php?rest_route=\/wp\/v2\/posts\/5495\/revisions"}],"predecessor-version":[{"id":5496,"href":"https:\/\/www.toque-musicall.com\/index.php?rest_route=\/wp\/v2\/posts\/5495\/revisions\/5496"}],"wp:attachment":[{"href":"https:\/\/www.toque-musicall.com\/index.php?rest_route=%2Fwp%2Fv2%2Fmedia&parent=5495"}],"wp:term":[{"taxonomy":"category","embeddable":true,"href":"https:\/\/www.toque-musicall.com\/index.php?rest_route=%2Fwp%2Fv2%2Fcategories&post=5495"},{"taxonomy":"post_tag","embeddable":true,"href":"https:\/\/www.toque-musicall.com\/index.php?rest_route=%2Fwp%2Fv2%2Ftags&post=5495"}],"curies":[{"name":"wp","href":"https:\/\/api.w.org\/{rel}","templated":true}]}}