{"id":5497,"date":"2016-03-26T18:22:23","date_gmt":"2016-03-26T21:22:23","guid":{"rendered":"http:\/\/www.toque-musicall.com\/?p=5497"},"modified":"2016-03-26T18:22:23","modified_gmt":"2016-03-26T21:22:23","slug":"momento-universitario-ii-1979","status":"publish","type":"post","link":"https:\/\/www.toque-musicall.com\/?p=5497","title":{"rendered":"Momento Universit\u00e1rio II (1979)"},"content":{"rendered":"<p><img loading=\"lazy\" decoding=\"async\" class=\"aligncenter\" src=\"https:\/\/3.bp.blogspot.com\/-x2mboOLZ7gE\/Vvb3jSHOg9I\/AAAAAAAAM04\/tv1mI3l6TkE_27PINWYpcUoHWZjW0N1Lw\/s640\/capap.JPG\" alt=\"\" width=\"640\" height=\"632\" \/><img loading=\"lazy\" decoding=\"async\" class=\"aligncenter\" src=\"https:\/\/1.bp.blogspot.com\/-AhNdGzMgFUU\/Vvb3i87gLqI\/AAAAAAAAM00\/tX-lUKAeLfQX2UegSE387tePN1b0damyg\/s640\/contracapap.JPG\" alt=\"\" width=\"636\" height=\"640\" \/><\/p>\n<p>Boa noite, amigos cultos e ocultos! Conforme informado e prometido, segue aqui a colet\u00e2nea EMI &#8211; Odeon Momento Universit\u00e1rio. Este segundo disco acompanha a mesma linha, inclusive com alguns mesmos artistas. O volume dois saiu \u00a0em 1979 e da mesma forma deu &#8216;ibope&#8217;. Uma sele\u00e7\u00e3o tamb\u00e9m impec\u00e1vel e para uma colet\u00e2nea, vendeu muito. Confiram mais esse toqu<a href=\"http:\/\/depositfiles.com\/files\/t6i4q4yqu\" target=\"_blank\">e&#8230;<\/a><\/p>\n<div style=\"text-align: center;\">res\u00edduo &#8211; paulo cesar pinheiro<\/div>\n<div style=\"text-align: center;\">come\u00e7ar de novo &#8211; ivan lins<\/div>\n<div style=\"text-align: center;\">recado &#8211; luiz gonzaga jr<\/div>\n<div style=\"text-align: center;\">companheira &#8211; geraldo vandr\u00e9<\/div>\n<div style=\"text-align: center;\">onze fitas &#8211; f\u00e1tima guedes<\/div>\n<div style=\"text-align: center;\">palavras &#8211; nana caymmi<\/div>\n<div style=\"text-align: center;\">hino \/ morda\u00e7a &#8211; paulo cesar pinheiro, marcia e eduardo gudin<\/div>\n<div style=\"text-align: center;\">cordilheira &#8211; simone<\/div>\n<div style=\"text-align: center;\">vai meu povo luiz gonzaga jr<\/div>\n<div style=\"text-align: center;\">aos nossos filhos &#8211; ivan lins<\/div>\n<div style=\"text-align: center;\">terra plana &#8211; geraldo vandr\u00e9<\/div>\n<div style=\"text-align: center;\">esse sol &#8211; f\u00e1tima guedes<\/div>\n<div style=\"text-align: center;\">res\u00edduo &#8211; paulo cesar pinheiro<\/div>\n<div style=\"text-align: center;\"><\/div>\n<div style=\"text-align: center;\">.<\/div>\n","protected":false},"excerpt":{"rendered":"<p>Boa noite, amigos cultos e ocultos! Conforme informado e prometido, segue aqui a colet\u00e2nea EMI &#8211; Odeon Momento Universit\u00e1rio. Este segundo disco acompanha a mesma linha, inclusive com alguns mesmos artistas. O volume dois saiu \u00a0em 1979 e da mesma &hellip; <a href=\"https:\/\/www.toque-musicall.com\/?p=5497\">Continue lendo <span class=\"meta-nav\">&rarr;<\/span><\/a><\/p>\n","protected":false},"author":1,"featured_media":0,"comment_status":"open","ping_status":"closed","sticky":false,"template":"","format":"standard","meta":{"footnotes":""},"categories":[64,1971,2466,768,1810,491,715,1562,244,897],"tags":[],"class_list":["post-5497","post","type-post","status-publish","format-standard","hentry","category-coletanea","category-eduardo-gudin","category-fatima-guedes","category-ivan-lins","category-luiz-gonzaga-jr","category-marcia","category-nana-caymmi","category-paulo-cesar-pinheiro","category-selo-emi-odeon","category-simone"],"_links":{"self":[{"href":"https:\/\/www.toque-musicall.com\/index.php?rest_route=\/wp\/v2\/posts\/5497","targetHints":{"allow":["GET"]}}],"collection":[{"href":"https:\/\/www.toque-musicall.com\/index.php?rest_route=\/wp\/v2\/posts"}],"about":[{"href":"https:\/\/www.toque-musicall.com\/index.php?rest_route=\/wp\/v2\/types\/post"}],"author":[{"embeddable":true,"href":"https:\/\/www.toque-musicall.com\/index.php?rest_route=\/wp\/v2\/users\/1"}],"replies":[{"embeddable":true,"href":"https:\/\/www.toque-musicall.com\/index.php?rest_route=%2Fwp%2Fv2%2Fcomments&post=5497"}],"version-history":[{"count":1,"href":"https:\/\/www.toque-musicall.com\/index.php?rest_route=\/wp\/v2\/posts\/5497\/revisions"}],"predecessor-version":[{"id":5498,"href":"https:\/\/www.toque-musicall.com\/index.php?rest_route=\/wp\/v2\/posts\/5497\/revisions\/5498"}],"wp:attachment":[{"href":"https:\/\/www.toque-musicall.com\/index.php?rest_route=%2Fwp%2Fv2%2Fmedia&parent=5497"}],"wp:term":[{"taxonomy":"category","embeddable":true,"href":"https:\/\/www.toque-musicall.com\/index.php?rest_route=%2Fwp%2Fv2%2Fcategories&post=5497"},{"taxonomy":"post_tag","embeddable":true,"href":"https:\/\/www.toque-musicall.com\/index.php?rest_route=%2Fwp%2Fv2%2Ftags&post=5497"}],"curies":[{"name":"wp","href":"https:\/\/api.w.org\/{rel}","templated":true}]}}