{"id":5499,"date":"2016-03-27T23:03:28","date_gmt":"2016-03-28T02:03:28","guid":{"rendered":"http:\/\/www.toque-musicall.com\/?p=5499"},"modified":"2016-03-27T23:03:28","modified_gmt":"2016-03-28T02:03:28","slug":"norte-forte-1977","status":"publish","type":"post","link":"https:\/\/www.toque-musicall.com\/?p=5499","title":{"rendered":"Norte Forte (1977)"},"content":{"rendered":"<p><img loading=\"lazy\" decoding=\"async\" class=\"aligncenter\" src=\"https:\/\/3.bp.blogspot.com\/-jTG6ptOuqvw\/VviFJrbGF7I\/AAAAAAAAM1I\/ghe2f0D2Mmg9viVDZ5IuALz4eL3Z6BHow\/s640\/capa.JPG\" alt=\"\" width=\"630\" height=\"640\" \/><img loading=\"lazy\" decoding=\"async\" class=\"aligncenter\" src=\"https:\/\/1.bp.blogspot.com\/-sp_-ciwmwI4\/VviFr_K5-kI\/AAAAAAAAM1Q\/lkAbvocIITwH6twiIlb2MQpkXF1aumXrw\/s640\/contrap.JPG\" alt=\"\" width=\"640\" height=\"634\" \/><\/p>\n<p>Boa noite a todos os amigos cultos e ocultos! Espero que todos tenha tido uma boa p\u00e1scoa. Eu, de uns tempos para c\u00e1 n\u00e3o tendo vontade de comemorar nada. Mas, enfim, vamos seguindo, uns dias chove, noutro dia bate sol. O que n\u00e3o pode faltar \u00e9 a m\u00fasica, os discos e esse toque musical, que mesmo espa\u00e7ado, continua firme em seus quase 9 anos de persist\u00eancia.<br \/>\nBom, mas voltando \u00e0s colet\u00e2neas, aqui vai mais uma super bacana. Lp montado pela Continental, com sele\u00e7\u00e3o musical de Cesare Benvenuti, um lend\u00e1rio produtor, respons\u00e1vel por aquela onda de bandas e artistas que cantavam em ingl\u00eas, no in\u00edcio dos anos 70. Aqui neste disco temos doze faixas e doze diferentes artistas, que como o pr\u00f3prio t\u00edtulo sugere, s\u00e3o vindos no norte, mais exatamente relacionados a m\u00fasica nordestina. Acho que nem preciso repetir quem s\u00e3o os artistas dessa colet\u00e2nea, est\u00e1 na capa, n\u00e9? E o repert\u00f3rio tamb\u00e9m, escolhido a dedo. Confiram esta sele\u00e7\u00e3o, vale a pen<a href=\"http:\/\/depositfiles.com\/files\/gmd4pu7am\" target=\"_blank\">a.<\/a>..<\/p>\n<div style=\"text-align: center;\">a palo seco &#8211; belchior<\/div>\n<div style=\"text-align: center;\">beira mar &#8211; ednardo<\/div>\n<div style=\"text-align: center;\">sem nome &#8211; hareton salvanini<\/div>\n<div style=\"text-align: center;\">s\u00e3o saru\u00ea &#8211; marcus vinicius<\/div>\n<div style=\"text-align: center;\">o astro vagabundo &#8211; fagner<\/div>\n<div style=\"text-align: center;\">levanta poeira &#8211; banda de p\u00edfanos de caruar\u00fa<\/div>\n<div style=\"text-align: center;\">se o caso \u00e9 chorar &#8211; tom z\u00e9<\/div>\n<div style=\"text-align: center;\">meu barco \u00e9 voc\u00ea &#8211; jo\u00e3o s\u00f3<\/div>\n<div style=\"text-align: center;\">meia vida &#8211; edson e aloisio<\/div>\n<div style=\"text-align: center;\">dono dos teus olhos &#8211; tetty<\/div>\n<div style=\"text-align: center;\">cantiga &#8211; orquestra armorial<\/div>\n<div style=\"text-align: center;\">voc\u00ea e tu &#8211; bendeg\u00f3<\/div>\n<div style=\"text-align: center;\"><\/div>\n<div style=\"text-align: center;\">.<\/div>\n","protected":false},"excerpt":{"rendered":"<p>Boa noite a todos os amigos cultos e ocultos! Espero que todos tenha tido uma boa p\u00e1scoa. Eu, de uns tempos para c\u00e1 n\u00e3o tendo vontade de comemorar nada. Mas, enfim, vamos seguindo, uns dias chove, noutro dia bate sol. &hellip; <a href=\"https:\/\/www.toque-musicall.com\/?p=5499\">Continue lendo <span class=\"meta-nav\">&rarr;<\/span><\/a><\/p>\n","protected":false},"author":1,"featured_media":0,"comment_status":"open","ping_status":"closed","sticky":false,"template":"","format":"standard","meta":{"footnotes":""},"categories":[2158,1391,2108,64,2298,132,2683,40,484],"tags":[],"class_list":["post-5499","post","type-post","status-publish","format-standard","hentry","category-banda-de-pifanos-caruaru","category-belchior","category-bendengo","category-coletanea","category-ednardo","category-fagner","category-orquestra-armorial","category-selo-continental","category-tom-ze"],"_links":{"self":[{"href":"https:\/\/www.toque-musicall.com\/index.php?rest_route=\/wp\/v2\/posts\/5499","targetHints":{"allow":["GET"]}}],"collection":[{"href":"https:\/\/www.toque-musicall.com\/index.php?rest_route=\/wp\/v2\/posts"}],"about":[{"href":"https:\/\/www.toque-musicall.com\/index.php?rest_route=\/wp\/v2\/types\/post"}],"author":[{"embeddable":true,"href":"https:\/\/www.toque-musicall.com\/index.php?rest_route=\/wp\/v2\/users\/1"}],"replies":[{"embeddable":true,"href":"https:\/\/www.toque-musicall.com\/index.php?rest_route=%2Fwp%2Fv2%2Fcomments&post=5499"}],"version-history":[{"count":1,"href":"https:\/\/www.toque-musicall.com\/index.php?rest_route=\/wp\/v2\/posts\/5499\/revisions"}],"predecessor-version":[{"id":5500,"href":"https:\/\/www.toque-musicall.com\/index.php?rest_route=\/wp\/v2\/posts\/5499\/revisions\/5500"}],"wp:attachment":[{"href":"https:\/\/www.toque-musicall.com\/index.php?rest_route=%2Fwp%2Fv2%2Fmedia&parent=5499"}],"wp:term":[{"taxonomy":"category","embeddable":true,"href":"https:\/\/www.toque-musicall.com\/index.php?rest_route=%2Fwp%2Fv2%2Fcategories&post=5499"},{"taxonomy":"post_tag","embeddable":true,"href":"https:\/\/www.toque-musicall.com\/index.php?rest_route=%2Fwp%2Fv2%2Ftags&post=5499"}],"curies":[{"name":"wp","href":"https:\/\/api.w.org\/{rel}","templated":true}]}}