{"id":5501,"date":"2016-03-29T09:55:51","date_gmt":"2016-03-29T12:55:51","guid":{"rendered":"http:\/\/www.toque-musicall.com\/?p=5501"},"modified":"2016-03-29T09:55:51","modified_gmt":"2016-03-29T12:55:51","slug":"cacho-valdez-alma-1977","status":"publish","type":"post","link":"https:\/\/www.toque-musicall.com\/?p=5501","title":{"rendered":"Cacho Valdez &#8211; Alma (1977)"},"content":{"rendered":"<p><img loading=\"lazy\" decoding=\"async\" class=\"aligncenter\" src=\"https:\/\/4.bp.blogspot.com\/-aSSwdd4AIA4\/VvpSBAXks_I\/AAAAAAAAM1k\/TKH0GWtSfb4v6yjHahADHJWvj-z1PL-BA\/s640\/capa.jpg\" alt=\"\" width=\"636\" height=\"640\" \/><img loading=\"lazy\" decoding=\"async\" class=\"aligncenter\" src=\"https:\/\/4.bp.blogspot.com\/-5YUvxH7MAjg\/VvpSBLVQ6iI\/AAAAAAAAM1o\/UoKCUshQtqMNrgDSTN9iWEo_52DPg3BoA\/s640\/contra.jpg\" alt=\"\" width=\"637\" height=\"640\" \/><\/p>\n<p>Muito bom dia, amigos cultos e ocultos. Aproveitando a brecha matinal, vou logo aqui postando mais um disco para j\u00e1 ganhar o dia. Hoje eu trago um lp o qual n\u00e3o tem sa\u00eddo do meu toca discos. Ali\u00e1s, j\u00e1 tomou conta de todos os dispositivos de som que eu uso. Um \u00e1lbum de 1977 e que curiosamente eu nunca, nem sequer, ouvi falar. Fiquei de cara ao ouvi-lo. Uma grata surpresa entre tantos discos que o amigo F\u00e1res me enviou. E n\u00e3o foi atoa que ele me pediu, entre os tantos que enviou, para que esse eu o devolvesse de pois de digitalizar. Caramba, que disco bom! Sabendo que este eu teria que devolver, tratei de providenciar um para mim. Corri ao Mercado Livre e acabei comprando dois, Eu, geralmente quando gosto muito de um disco, compro logo dois, por garantia, E foi o que fiz, at\u00e9 porque na primeira compra, o disco veio com a capa rasgada, da\u00ed comprei outro mais novo. \u00c9 realmente estranho como este \u00e1lbum passou batido por mim e certamente passou batido por quase todo mundo. Nunca tinha visto, nem mencionado pela internet. Mas tamb\u00e9m, n\u00e3o \u00e9 para menos. O disco saiu pelo selo Underground, que era uma esp\u00e9cie de &#8216;laborat\u00f3rio de testes&#8217; da gravadora Copacabana para alguns de seus artistas que corriam pela marginal e tinha uma tiragem limitada, o que diminu\u00eda potencialmente a divulga\u00e7\u00e3o do trabalho. Para complicar ainda mais a coisa, o lp traz uma capa duvidosa. Certamente, na \u00e9poca de seu lan\u00e7amento, quem passou os olhos neste lp em alguma loja deve ter pensado que se tratava de algum artista rom\u00e2ntico, alguma coisa assim meio &#8216;mela-cueca&#8217;, ao estilo Roberto Carlos, ou mais ainda, Julio Eglesias, principalmente por esse nome pomposo, Cacho Valdez. Mas afinal, quem \u00e9 Cacho Valdez? Voltando um pouco no tempo, nos anos 60, vamos descobrir que Cacho Valdez era o guitarrista do grupo Beat Boys, aquela banda meio argentina, meio brasileira, que acompanhou Caetano Veloso, em 1967, no III Festival de M\u00fasica Popular Brasileira, defendendo a can\u00e7\u00e3o &#8220;Alegria, alegria&#8221;. Curiosamente o nome de Cacho Valdez s\u00f3 aparece como refer\u00eancia numa pesquisa r\u00e1pida no Google. Mas, num mergulho mais profundo, consegui encontrar numa nota de jornal\/revista sobre o lan\u00e7amento deste disco. Da\u00ed a coisa ficou um pouco mais clara. Este foi o primeiro lp do artista que \u00e9 argentino. O disco foi produzido e gravado em S\u00e3o Paulo, contando com outros m\u00fasicos e t\u00e9cnicos brasileiros e tamb\u00e9m argentino. Entre os m\u00fasicos brasileiros, destacamos o Lincoln Olivetti, Bol\u00e3o e Amilson Godoy. Ao virar a capa, a contracapa come\u00e7amos a entender o que temos nas m\u00e3os. Basta ler a ficha t\u00e9cnica e reparar na lista das m\u00fasicas e agora nosso artista na foto com uma postura mais rock&#8217;n&#8217;roll. Um cara observador como eu, de imediato puxaria o disco da capa e o poria para tocar. S\u00f3 assim para descobrir ou constatar que estamos diante de um &#8216;puta disco&#8217;. Um trabalho o qual eu nem saberia classificar, mas que o coloco como uma esp\u00e9cie de rock progressivo. Foge do \u00a0esquema tradicional de lp com 12 faixas. Aqui n\u00e3o, s\u00e3o quatro m\u00fasicas de um lado e duas do outro. Um trabalho onde o artista mistura diferentes e diversas influ\u00eancias da m\u00fasica latino americana gerando uma obra singular, que foge ao comum. Todas as m\u00fasicas, orquestra\u00e7\u00e3o, reg\u00eancia e arranjos s\u00e3o do pr\u00f3prio Cacho Valdez, Ta\u00ed um disco que eu tenho certeza, muita gente vai gostar e logo vai estar por a\u00ed bombando como mais uma joia resgatada da fonografia brasileira. N\u00e3o deixem de conferi<a href=\"http:\/\/depositfiles.org\/files\/ea0bvyebp\" target=\"_blank\">r.<\/a>..<\/p>\n<div style=\"text-align: center;\">el sudamericano<\/div>\n<div style=\"text-align: center;\">la doma<\/div>\n<div style=\"text-align: center;\">miedo de lo desconocido<\/div>\n<div style=\"text-align: center;\">te quiero<\/div>\n<div style=\"text-align: center;\">alma<\/div>\n<div style=\"text-align: center;\">tu debes<\/div>\n<div style=\"text-align: center;\"><\/div>\n<div style=\"text-align: center;\">.<\/div>\n","protected":false},"excerpt":{"rendered":"<p>Muito bom dia, amigos cultos e ocultos. Aproveitando a brecha matinal, vou logo aqui postando mais um disco para j\u00e1 ganhar o dia. Hoje eu trago um lp o qual n\u00e3o tem sa\u00eddo do meu toca discos. Ali\u00e1s, j\u00e1 tomou &hellip; <a href=\"https:\/\/www.toque-musicall.com\/?p=5501\">Continue lendo <span class=\"meta-nav\">&rarr;<\/span><\/a><\/p>\n","protected":false},"author":1,"featured_media":0,"comment_status":"open","ping_status":"closed","sticky":false,"template":"","format":"standard","meta":{"footnotes":""},"categories":[2685,2684,2686,2125],"tags":[],"class_list":["post-5501","post","type-post","status-publish","format-standard","hentry","category-amilson-godoy","category-cacho-valdez","category-lincoln-olivetti","category-selo-underground"],"_links":{"self":[{"href":"https:\/\/www.toque-musicall.com\/index.php?rest_route=\/wp\/v2\/posts\/5501","targetHints":{"allow":["GET"]}}],"collection":[{"href":"https:\/\/www.toque-musicall.com\/index.php?rest_route=\/wp\/v2\/posts"}],"about":[{"href":"https:\/\/www.toque-musicall.com\/index.php?rest_route=\/wp\/v2\/types\/post"}],"author":[{"embeddable":true,"href":"https:\/\/www.toque-musicall.com\/index.php?rest_route=\/wp\/v2\/users\/1"}],"replies":[{"embeddable":true,"href":"https:\/\/www.toque-musicall.com\/index.php?rest_route=%2Fwp%2Fv2%2Fcomments&post=5501"}],"version-history":[{"count":1,"href":"https:\/\/www.toque-musicall.com\/index.php?rest_route=\/wp\/v2\/posts\/5501\/revisions"}],"predecessor-version":[{"id":5502,"href":"https:\/\/www.toque-musicall.com\/index.php?rest_route=\/wp\/v2\/posts\/5501\/revisions\/5502"}],"wp:attachment":[{"href":"https:\/\/www.toque-musicall.com\/index.php?rest_route=%2Fwp%2Fv2%2Fmedia&parent=5501"}],"wp:term":[{"taxonomy":"category","embeddable":true,"href":"https:\/\/www.toque-musicall.com\/index.php?rest_route=%2Fwp%2Fv2%2Fcategories&post=5501"},{"taxonomy":"post_tag","embeddable":true,"href":"https:\/\/www.toque-musicall.com\/index.php?rest_route=%2Fwp%2Fv2%2Ftags&post=5501"}],"curies":[{"name":"wp","href":"https:\/\/api.w.org\/{rel}","templated":true}]}}