{"id":5507,"date":"2016-04-05T22:01:42","date_gmt":"2016-04-06T01:01:42","guid":{"rendered":"http:\/\/www.toque-musicall.com\/?p=5507"},"modified":"2016-04-14T05:51:51","modified_gmt":"2016-04-14T08:51:51","slug":"jair-rodrigues-com-a-corda-toda-1972","status":"publish","type":"post","link":"https:\/\/www.toque-musicall.com\/?p=5507","title":{"rendered":"Jair Rodrigues &#8211; Com A Corda Toda (1972)"},"content":{"rendered":"<p><img loading=\"lazy\" decoding=\"async\" class=\"aligncenter\" src=\"https:\/\/3.bp.blogspot.com\/-5AZxWxGEB5g\/Vw7qVQvwZ9I\/AAAAAAAAM2Y\/ccESvfOfL0E9VUq6yEVB7TQ_-FVrWaWLgCLcB\/s640\/capap.JPG\" alt=\"\" width=\"640\" height=\"640\" \/><img loading=\"lazy\" decoding=\"async\" class=\"aligncenter\" src=\"https:\/\/4.bp.blogspot.com\/-Of8axueTSTo\/Vw7qVtnkfKI\/AAAAAAAAM2c\/THJSBLh6vbImGHWNx45YzC_Ka4V58DBTACLcB\/s640\/contra%2Bjp.JPG\" alt=\"\" width=\"640\" height=\"632\" \/><\/p>\n<p>O Toque Musical tem a grata satisfa\u00e7\u00e3o de oferecer a seus amigos cultos, ocultos e associados\u00a0 o d\u00e9cimo-primeiro \u00e1lbum-solo do inesquec\u00edvel Jair Rodrigues (Igarapava, SP, 6\/2\/1939-Cotia, SP, 8\/5\/2014). O eterno \u201ccachorr\u00e3o\u201d dispensa quaisquer apresenta\u00e7\u00f5es. \u00c9 imposs\u00edvel esquecer sua grande energia, sua alegria contagiante, sucessos como \u201cDeixa isso pra l\u00e1\u201d, \u201cDisparada\u201d, \u201cVou de samba com voc\u00ea\u201d, \u201cMajestade o sabi\u00e1\u201d, \u201cFesta para um rei negro\u201d, \u201cNa beira do Mangue\u201d, \u201cO importante \u00e9 ser fevereiro\u201d, \u201cOrgulho de um sambista, \u201cO conde\u201d, \u201cBloco da solid\u00e3o\u201d, \u201cLouva\u00e7\u00e3o\u201d (em dueto com a n\u00e3o menos inesquec\u00edvel Elis Regina,\u00a0 sua companheira no \u201cFino da bossa\u201d, da antiga TV Record) e tantos mais. Seu extenso curr\u00edculo inclui turn\u00eas vitoriosas pelos EUA, Europa e Jap\u00e3o. E, quando de sua morte repentina e inesperada, aos 75 anos, ainda estava com a agenda de shows lotada! Pois este \u00e1lbum faz jus a seu t\u00edtulo: quando foi lan\u00e7ado, em 1972, o grande Jair estava de fato com a corda toda. Al\u00e9m de possuir o padr\u00e3o t\u00e9cnico apurad\u00edssimo que ent\u00e3o caracterizava as produ\u00e7\u00f5es da gravadora Philips\/Phonogram, hoje Universal Music, o disco tem um repert\u00f3rio excelente, essencialmente samb\u00edstico, a come\u00e7ar pela faixa-t\u00edtulo, de autoria da dupla Beto Scala-S\u00e3o Beto. O \u00e1lbum j\u00e1 come\u00e7a com um sucesso inesquec\u00edvel, \u201cSe Deus quiser\u201d, do pr\u00f3prio Jair em parceria com o n\u00e3o menos saudoso Wando, de quem o \u201ccachorr\u00e3o\u201d j\u00e1 havia registrado, um ano antes, outro hit, \u201cO importante \u00e9 ser fevereiro\u201d (parceria com Nilo Amaro), que projetou nacionalmente o compositor-cantor mineiro. Com \u201cSe Deus quiser\u201d, ele e Jair repetiram a dose&#8230; Outro sucesso de Jair neste disco \u00e9 o samba \u201cA dan\u00e7a do cafun\u00e9\u201d, de autoria de Zuzuca (Adil de Paula), de n\u00edtida inspira\u00e7\u00e3o africana, e que tamb\u00e9m seria destaque no carnaval de 1973. Bidi, que ent\u00e3o atuava no grupo Originais do Samba, demonstrando espantosa habilidade na cu\u00edca, assina \u201cTenderep\u00e1\u201d. A dupla Evaldo Gouveia-Jair Amorim, aut\u00eanticos \u201chitmakers\u201d dos anos 1960\/70, aqui comparece com \u201cO amor e a rosa\u201d. O baiano (de Maragogipe) Edil Pacheco assina \u201cMe achei de novo\u201d. O belenense-paraense Gildo Moreno bate ponto neste \u00e1lbum do grande Jair com \u201cEu tamb\u00e9m vou\u201d. Outro hit desse disco \u00e9 \u201cBaby, sou brasileiro\u201d, de autoria de Sinhozinho (Eliod\u00f3rio Pereira Oliveira, Barreiras, BA, 23\/4\/1932-An\u00e1polis, GO, 6\/3\/1979), que por sinal era muito amigo de Jair, em parceria com\u00a0 Reginaldo Santos. Trabalhos das duplas Bed\u00e9o-Neno (\u201cToca direito, Oleg\u00e1rio\u201d), Luiz Carlos-Lel\u00e9 (\u201cAnivers\u00e1rio\u201d), Marco C\u00e9sar-N\u00edlton Moreira (\u201cSapateia\u201d) e Ozir Pimenta-Ant\u00f4nio Valentim (\u201cSete de setembro\u201d) completam este primoroso trabalho discogr\u00e1fico que o TM oferece hoje a voc\u00eas. Ou\u00e7am e constatem: o grande Jair Rodrigues estava, de fato, \u201cCom a corda tod<a href=\"http:\/\/depositfiles.com\/files\/ofo911vg8\" target=\"_blank\">a<\/a>\u201d!<\/p>\n<p style=\"text-align: center;\">se deus quiser<\/p>\n<p style=\"text-align: center;\">me achei de novo<\/p>\n<p style=\"text-align: center;\">com a corda toda<\/p>\n<p style=\"text-align: center;\">eu tamb\u00e9m vou<\/p>\n<p style=\"text-align: center;\">sapateia<\/p>\n<p style=\"text-align: center;\">dan\u00e7a do cafun\u00e9<\/p>\n<p style=\"text-align: center;\">baby sou brasileiro<\/p>\n<p style=\"text-align: center;\">o amor e a rosa<\/p>\n<p style=\"text-align: center;\">toca direito oleg\u00e1rio<\/p>\n<p style=\"text-align: center;\">anivers\u00e1rio<\/p>\n<p style=\"text-align: center;\">tenderep\u00e1<\/p>\n<p style=\"text-align: center;\">sete de setembro<\/p>\n<p><em>* Texto de Samuel Machado Filho\u00a0<\/em><\/p>\n","protected":false},"excerpt":{"rendered":"<p>O Toque Musical tem a grata satisfa\u00e7\u00e3o de oferecer a seus amigos cultos, ocultos e associados\u00a0 o d\u00e9cimo-primeiro \u00e1lbum-solo do inesquec\u00edvel Jair Rodrigues (Igarapava, SP, 6\/2\/1939-Cotia, SP, 8\/5\/2014). O eterno \u201ccachorr\u00e3o\u201d dispensa quaisquer apresenta\u00e7\u00f5es. \u00c9 imposs\u00edvel esquecer sua grande energia, &hellip; <a href=\"https:\/\/www.toque-musicall.com\/?p=5507\">Continue lendo <span class=\"meta-nav\">&rarr;<\/span><\/a><\/p>\n","protected":false},"author":1,"featured_media":0,"comment_status":"open","ping_status":"closed","sticky":false,"template":"","format":"standard","meta":{"footnotes":""},"categories":[43,48],"tags":[],"class_list":["post-5507","post","type-post","status-publish","format-standard","hentry","category-jair-rodrigues","category-selo-philips"],"_links":{"self":[{"href":"https:\/\/www.toque-musicall.com\/index.php?rest_route=\/wp\/v2\/posts\/5507","targetHints":{"allow":["GET"]}}],"collection":[{"href":"https:\/\/www.toque-musicall.com\/index.php?rest_route=\/wp\/v2\/posts"}],"about":[{"href":"https:\/\/www.toque-musicall.com\/index.php?rest_route=\/wp\/v2\/types\/post"}],"author":[{"embeddable":true,"href":"https:\/\/www.toque-musicall.com\/index.php?rest_route=\/wp\/v2\/users\/1"}],"replies":[{"embeddable":true,"href":"https:\/\/www.toque-musicall.com\/index.php?rest_route=%2Fwp%2Fv2%2Fcomments&post=5507"}],"version-history":[{"count":1,"href":"https:\/\/www.toque-musicall.com\/index.php?rest_route=\/wp\/v2\/posts\/5507\/revisions"}],"predecessor-version":[{"id":5508,"href":"https:\/\/www.toque-musicall.com\/index.php?rest_route=\/wp\/v2\/posts\/5507\/revisions\/5508"}],"wp:attachment":[{"href":"https:\/\/www.toque-musicall.com\/index.php?rest_route=%2Fwp%2Fv2%2Fmedia&parent=5507"}],"wp:term":[{"taxonomy":"category","embeddable":true,"href":"https:\/\/www.toque-musicall.com\/index.php?rest_route=%2Fwp%2Fv2%2Fcategories&post=5507"},{"taxonomy":"post_tag","embeddable":true,"href":"https:\/\/www.toque-musicall.com\/index.php?rest_route=%2Fwp%2Fv2%2Ftags&post=5507"}],"curies":[{"name":"wp","href":"https:\/\/api.w.org\/{rel}","templated":true}]}}