{"id":551,"date":"2011-02-16T09:56:00","date_gmt":"2011-02-16T09:56:00","guid":{"rendered":"http:\/\/www.toque-musicall.com\/?p=551"},"modified":"2011-02-16T09:56:00","modified_gmt":"2011-02-16T09:56:00","slug":"dilermando-reis-sua-majestade-o-violao-vol-2-1960","status":"publish","type":"post","link":"https:\/\/www.toque-musicall.com\/?p=551","title":{"rendered":"Dilermando Reis &#8211; Sua Majestade O Viol\u00e3o Vol. 2 (1960)"},"content":{"rendered":"<p><a href=\"http:\/\/2.bp.blogspot.com\/-5ihJ7IA-fpE\/TVufefEjUmI\/AAAAAAAAHso\/jU0e69K5Wqw\/s1600\/dilermando+P.JPG\"><img decoding=\"async\" style=\"text-align: center; margin: 0px auto 10px; width: 400px; display: block; height: 394px;\" id=\"BLOGGER_PHOTO_ID_5574224309886603874\" alt=\"\" src=\"http:\/\/2.bp.blogspot.com\/-5ihJ7IA-fpE\/TVufefEjUmI\/AAAAAAAAHso\/jU0e69K5Wqw\/s400\/dilermando+P.JPG\" border=\"0\" \/><\/a> Bom dia, amigos cultos e ocultos! Daqui a pouquinho eu estarei indo para Tiradentes. Come\u00e7a hoje o <a href=\"http:\/\/fotoempauta.com.br\/festival\/\">Festival Foto Em Pauta<\/a>, um evento cheio de atra\u00e7\u00f5es que vai at\u00e9 o dia 27 deste m\u00eas. Eu pretendo ficar por l\u00e1 somente at\u00e9 domingo. Nesse meio tempo, nossas postagens poder\u00e3o ficar prejudicadas, caso eu n\u00e3o encontre tempo ou condi\u00e7\u00f5es para faz\u00ea-las. A de hoje tamb\u00e9m est\u00e1 sendo montada meio que de \u00faltima hora. Tive que recorrer \u00e0s minhas reservas &#8216;de gaveta&#8217; e creio que por l\u00e1 tamb\u00e9m terei que fazer a mesma coisa, pois n\u00e3o houve tempo de preparar novos discos. Este do Dilermando Reis, por exemplo, ainda faltava dar uma &#8216;garibada&#8217;, uma tratada no som. Embora o vinil esteja aparentemente impec\u00e1vel, sem arranh\u00f5es vis\u00edveis, h\u00e1 nele algumas faixas com leves defeitos (de f\u00e1brica), os quais eu ainda pretendia corrigir, ou pelo menos amenizar. Isso vai ficar para depois. Em outra oportunidade farei a substitui\u00e7\u00e3o das faixas defeituosas, bastando apenas encontr\u00e1-las em outro disco, o que n\u00e3o parece assim t\u00e3o f\u00e1cil.<\/p>\n<div>&#8220;Sua majestage o viol\u00e3o &#8211; Volume 2&#8221; \u00e9 um disco, talvez, mais dif\u00edcil de achar que o primeiro volume. Este, inclusive, eu j\u00e1 vi em diversos blogs, mas o segundo ainda \u00e9 raridade.<\/div>\n<div>Neste \u00e1lbum, temos a continua\u00e7\u00e3o do que foi visto no primeiro, ou seja, uma sele\u00e7\u00e3o de m\u00fasicas extra\u00edda de seus discos de 78 rpm. Um misto de composi\u00e7\u00f5es autorais, temas nacionais e internacionais. Vou deixar os complementos e informa\u00e7\u00f5es adicionais por conta de voc\u00eas. A turma l\u00e1 em baixo j\u00e1 est\u00e1 buzinando, me esperando para o &#8216;p\u00e9 na estrada&#8217;. V\u00e3o da\u00ed que eu vou daqui&#8230; \ud83d\ude09<\/div>\n<div> <\/div>\n<div align=\"center\">se tu partais &#8211; johnny guitar<\/div>\n<div align=\"center\">dan\u00e7a chinesa<\/div>\n<div align=\"center\">toada da saudade<\/div>\n<div align=\"center\">mattinata<\/div>\n<div align=\"center\">m\u00e1goas de um viol\u00e3o<\/div>\n<div align=\"center\">tu e eu<\/div>\n<div align=\"center\">fascina\u00e7\u00e3o<\/div>\n<div align=\"center\">rosita<\/div>\n<div align=\"center\">la paloma<\/div>\n<div align=\"center\">terra s\u00eaca<\/div>\n<div align=\"center\">sonho de boneca<\/div>\n<div align=\"center\">oi\u00e1 de rosinha<\/p>\n<p><\/div>\n<div align=\"center\"> <\/div>\n<div align=\"center\"> <\/div>\n","protected":false},"excerpt":{"rendered":"<p>Bom dia, amigos cultos e ocultos! Daqui a pouquinho eu estarei indo para Tiradentes. Come\u00e7a hoje o Festival Foto Em Pauta, um evento cheio de atra\u00e7\u00f5es que vai at\u00e9 o dia 27 deste m\u00eas. Eu pretendo ficar por l\u00e1 somente &hellip; <a href=\"https:\/\/www.toque-musicall.com\/?p=551\">Continue lendo <span class=\"meta-nav\">&rarr;<\/span><\/a><\/p>\n","protected":false},"author":1,"featured_media":0,"comment_status":"open","ping_status":"closed","sticky":false,"template":"","format":"standard","meta":{"footnotes":""},"categories":[75,40],"tags":[],"class_list":["post-551","post","type-post","status-publish","format-standard","hentry","category-dilermando-reis","category-selo-continental"],"_links":{"self":[{"href":"https:\/\/www.toque-musicall.com\/index.php?rest_route=\/wp\/v2\/posts\/551","targetHints":{"allow":["GET"]}}],"collection":[{"href":"https:\/\/www.toque-musicall.com\/index.php?rest_route=\/wp\/v2\/posts"}],"about":[{"href":"https:\/\/www.toque-musicall.com\/index.php?rest_route=\/wp\/v2\/types\/post"}],"author":[{"embeddable":true,"href":"https:\/\/www.toque-musicall.com\/index.php?rest_route=\/wp\/v2\/users\/1"}],"replies":[{"embeddable":true,"href":"https:\/\/www.toque-musicall.com\/index.php?rest_route=%2Fwp%2Fv2%2Fcomments&post=551"}],"version-history":[{"count":0,"href":"https:\/\/www.toque-musicall.com\/index.php?rest_route=\/wp\/v2\/posts\/551\/revisions"}],"wp:attachment":[{"href":"https:\/\/www.toque-musicall.com\/index.php?rest_route=%2Fwp%2Fv2%2Fmedia&parent=551"}],"wp:term":[{"taxonomy":"category","embeddable":true,"href":"https:\/\/www.toque-musicall.com\/index.php?rest_route=%2Fwp%2Fv2%2Fcategories&post=551"},{"taxonomy":"post_tag","embeddable":true,"href":"https:\/\/www.toque-musicall.com\/index.php?rest_route=%2Fwp%2Fv2%2Ftags&post=551"}],"curies":[{"name":"wp","href":"https:\/\/api.w.org\/{rel}","templated":true}]}}