{"id":5513,"date":"2016-04-18T08:50:15","date_gmt":"2016-04-18T11:50:15","guid":{"rendered":"http:\/\/www.toque-musicall.com\/?p=5513"},"modified":"2016-04-18T09:29:25","modified_gmt":"2016-04-18T12:29:25","slug":"nara-leao-paulo-autran-tereza-rachel-e-oduvaldo-vianna-filho-liberdade-liberdade-1966","status":"publish","type":"post","link":"https:\/\/www.toque-musicall.com\/?p=5513","title":{"rendered":"Nara Le\u00e3o, Paulo Autran, Tereza Rachel e Oduvaldo Vianna Filho &#8211; Liberdade, Liberdade (1966)"},"content":{"rendered":"<p><img loading=\"lazy\" decoding=\"async\" class=\"aligncenter\" src=\"https:\/\/2.bp.blogspot.com\/-QwDt7KUmgOI\/VxTEN0lo0nI\/AAAAAAAAM3E\/VJ7zKcB5I3UvYfkKgLBzs-5Cq19apvAkQCLcB\/s640\/CAPA%2BP.JPG\" alt=\"\" width=\"633\" height=\"640\" \/><img loading=\"lazy\" decoding=\"async\" class=\"aligncenter\" src=\"https:\/\/2.bp.blogspot.com\/-rV-0Cri5CT0\/VxTEOzB1A2I\/AAAAAAAAM3I\/FLQMSHIhWPkxg3N8oKgOaFptqGXaXvdmgCLcB\/s640\/CONTRA%2BP.JPG\" alt=\"\" width=\"631\" height=\"640\" \/><\/p>\n<p>Ol\u00e1 amigos cultos e ocultos! N\u00e3o sei se dou bom dia ou meus p\u00easames. Afinal, a &#8216;idiotocracia&#8217;, t\u00e3o bem exercida pelo povo brasileiro, ontem n\u00f3s levou ao golpe e agora \u00e9 esperar a terra e a cal, pois no fundo do po\u00e7o n\u00f3s j\u00e1 estamos. Sinceramente, n\u00e3o vejo luz no fim do t\u00fanel, muito pelo contr\u00e1rio. Pressinto que vamos logo entrar num caos, que mais uma vez nos levar\u00e1 a perder nossa liberdade. Diante ao que vem pela frente, achei oportuno repostar este disco, mesmo sabendo que a multid\u00e3o que nos levou a esse estado n\u00e3o vai ouvir, n\u00e3o sabe do que se trata e nem tem condi\u00e7\u00f5es para absorver tal interpreta\u00e7\u00e3o. Mesmo assim, vale trazer a tona, pois muito do que se falava nessa \u00e9poca, cabe direitinho nos dias atuais. Para n\u00e3o perder tempo, replico aqui um texto extra\u00eddo da internet com algumas outras informa\u00e7\u00f5es que complementam o texto da contracapa:<br \/>\n<i>No ano seguinte ao golpe militar, o <span lang=\"EN-US\"><span lang=\"PT-BR\">Grupo Opini\u00e3o<\/span><\/span>\u00a0estr\u00e9ia uma das obras pioneiras do <span lang=\"EN-US\"><span lang=\"PT-BR\">teatro de resist\u00eancia<\/span><\/span>. A pe\u00e7a Liberdade, Liberdade, escrita por <span lang=\"EN-US\"><span lang=\"PT-BR\">Mill\u00f4r Fernandes<\/span><\/span> e <span lang=\"EN-US\"><span lang=\"PT-BR\">Fl\u00e1vio Rangel<\/span><\/span>, re\u00fane textos de diferentes \u00e9pocas e estilos para falar de um direito que est\u00e1 prestes a ser seq\u00fcestrado.<\/i><br \/>\n<i>Como lembra, na \u00e9poca, o cr\u00edtico\u00a0<span lang=\"EN-US\"><span lang=\"PT-BR\">D\u00e9cio de Almeida Prado<\/span><\/span>, ningu\u00e9m clama por liberdade se n\u00e3o se sente amea\u00e7ado de perd\u00ea-la. Esta premissa \u00e9 a id\u00e9ia que permanece nas entrelinhas do espet\u00e1culo e que d\u00e1 sentido e contund\u00eancia a cada palavra proferida em cena. O texto que Mill\u00f4r Fernandes escreve no programa do espet\u00e1culo aborda com bom humor a dificuldade de falar de uma coisa que falta e que n\u00e3o se pode reivindicar:<\/i><br \/>\n<i>&#8220;Uma pitadinha de liberdade aqui, uma lasquinha de liberdade ali (&#8230;) e a turma vai vivendo que afinal tamb\u00e9m o pessoal n\u00e3o \u00e9 t\u00e3o voraz assim. J\u00e1 est\u00e1 mais ou menos acostumado. Por isso o texto que escrevemos e selecionamos para Liberdade, Liberdade \u00e9 bem ameno. L\u00edrico, pungente, uma gracinha leve, uma coisinha, assim, delicadinha. N\u00e3o \u00e9 por nada n\u00e3o &#8211; s\u00f3 medo. (&#8230;) Porque, sen\u00e3o, v\u00e3o dizer por a\u00ed, mais uma vez, que eu sou um cara perigoso. E eu tenho que responder mais um vez, com l\u00e1grimas nos olhos: Triste pa\u00eds em que um cara como eu \u00e9 perigoso. <span lang=\"EN-US\">(&#8230;)&#8221; <sup>1<\/sup><\/span><\/i><br \/>\n<i>Em outro texto, o Grupo Opini\u00e3o assina coletivamente um quase manifesto em que diz:<\/i><br \/>\n<i>&#8220;Muitos achar\u00e3o que Liberdade, Liberdade \u00e9 excessivamente circunstancial. O ato cultural muito submetido ao ato pol\u00edtico. Para n\u00f3s, essa \u00e9 a sua principal qualidade. (&#8230;) Consciente de si, do seu mundo, [o artista brasileiro] marca a sua liberdade, inclusive, realizando obras que s\u00e3o necess\u00e1rias s\u00f3 por um instante. E que, para serem boas, necessariamente ter\u00e3o que ser feitas para desaparecer; deixando na hist\u00f3ria n\u00e3o a obra, mas, a posi\u00e7\u00e3o. (&#8230;) muitas vezes a circunst\u00e2ncia \u00e9 t\u00e3o clara, t\u00e3o imperiosa, que sobe \u00e0 realidade (&#8230;). Afirmamos que nesse instante a realidade mais profunda \u00e9 a pr\u00f3pria circunst\u00e2ncia &#8211; e nesse momento n\u00e3o ser circunstancial \u00e9 n\u00e3o ser real&#8221;.<sup>2<\/sup><\/i><br \/>\n<i>Os princ\u00edpios do teatro de resist\u00eancia encontram no espet\u00e1culo do Grupo Opini\u00e3o talvez a primeira das in\u00fameras formas que assumir\u00e1 durante os anos de sil\u00eancio para denunciar o esquema opressor que domina o pa\u00eds. Os autores constroem o texto por meio de pesquisa, tradu\u00e7\u00e3o e s\u00edntese de textos de outros autores. Conseguem obter uma coerente e sagaz estrutura dramat\u00fargica com fragmentos da literatura universal dedicados ao tema da liberdade, costurados com can\u00e7\u00f5es sobre o mesmo assunto e com corrosivas piadas. Criam assim uma aproxima\u00e7\u00e3o entre as tomadas de posi\u00e7\u00e3o de autores de outros tempos e outros pa\u00edses e a situa\u00e7\u00e3o brasileira de 1965. <span lang=\"EN-US\"><span lang=\"PT-BR\">Paulo Autran<\/span><\/span> \u00e9 o ator a quem cabe a condu\u00e7\u00e3o do espet\u00e1culo e os melhores pap\u00e9is. O cr\u00edtico <span lang=\"EN-US\"><span lang=\"PT-BR\">Yan Michalski<\/span><\/span>, que dedica quase metade de sua coluna \u00e0 aprecia\u00e7\u00e3o do ator, afirma que &#8220;a versatilidade demonstrada por Paulo Autran \u00e9 impressionante: em duas horas de espet\u00e1culo ele esbo\u00e7a umas dez ou quinze composi\u00e7\u00f5es diferentes, sempre adequadas e inteligentes, sempre livres de quaisquer recursos de gosto f\u00e1cil&#8221; &#8211; e considera que este virtuosismo \u00e9 resultado do &#8220;dom\u00ednio dos problemas t\u00e9cnicos&#8221; e &#8220;de todos os meios de express\u00e3o do of\u00edcio de ator&#8221;.<sup> 3<\/sup> A cr\u00edtica de um modo geral ressalta tamb\u00e9m o desempenho de Tereza Raquel e faz algumas observa\u00e7\u00f5es negativas em rela\u00e7\u00e3o ao trabalho de <span lang=\"EN-US\"><span lang=\"PT-BR\">Oduvaldo Vianna Filho<\/span><\/span> e \u00e0 dire\u00e7\u00e3o do espet\u00e1culo.<\/i><\/p>\n<p><i>Embora bastante questionado na \u00e9poca, por ser mais um show do que propriamente uma pe\u00e7a de teatro, Liberdade, Liberdade revela-se uma iniciativa seminal, que influencia fortemente a dramaturgia da d\u00e9cada. O espet\u00e1culo faz enorme sucesso no Rio de Janeiro e em longa turn\u00ea pelo pa\u00eds, tendo tido desde ent\u00e3o muitas novas montagens no Brasil e no exterio<a href=\"http:\/\/depositfiles.com\/files\/d1szx3zcu\" target=\"_blank\">r.<\/a><\/i><br \/>\n<i><br \/>\n<\/i><i>.<\/i><\/p>\n","protected":false},"excerpt":{"rendered":"<p>Ol\u00e1 amigos cultos e ocultos! N\u00e3o sei se dou bom dia ou meus p\u00easames. Afinal, a &#8216;idiotocracia&#8217;, t\u00e3o bem exercida pelo povo brasileiro, ontem n\u00f3s levou ao golpe e agora \u00e9 esperar a terra e a cal, pois no fundo &hellip; <a href=\"https:\/\/www.toque-musicall.com\/?p=5513\">Continue lendo <span class=\"meta-nav\">&rarr;<\/span><\/a><\/p>\n","protected":false},"author":1,"featured_media":0,"comment_status":"open","ping_status":"closed","sticky":false,"template":"","format":"standard","meta":{"footnotes":""},"categories":[288,1187,767],"tags":[],"class_list":["post-5513","post","type-post","status-publish","format-standard","hentry","category-nara-leao","category-paulo-autran","category-selo-forma"],"_links":{"self":[{"href":"https:\/\/www.toque-musicall.com\/index.php?rest_route=\/wp\/v2\/posts\/5513","targetHints":{"allow":["GET"]}}],"collection":[{"href":"https:\/\/www.toque-musicall.com\/index.php?rest_route=\/wp\/v2\/posts"}],"about":[{"href":"https:\/\/www.toque-musicall.com\/index.php?rest_route=\/wp\/v2\/types\/post"}],"author":[{"embeddable":true,"href":"https:\/\/www.toque-musicall.com\/index.php?rest_route=\/wp\/v2\/users\/1"}],"replies":[{"embeddable":true,"href":"https:\/\/www.toque-musicall.com\/index.php?rest_route=%2Fwp%2Fv2%2Fcomments&post=5513"}],"version-history":[{"count":2,"href":"https:\/\/www.toque-musicall.com\/index.php?rest_route=\/wp\/v2\/posts\/5513\/revisions"}],"predecessor-version":[{"id":5515,"href":"https:\/\/www.toque-musicall.com\/index.php?rest_route=\/wp\/v2\/posts\/5513\/revisions\/5515"}],"wp:attachment":[{"href":"https:\/\/www.toque-musicall.com\/index.php?rest_route=%2Fwp%2Fv2%2Fmedia&parent=5513"}],"wp:term":[{"taxonomy":"category","embeddable":true,"href":"https:\/\/www.toque-musicall.com\/index.php?rest_route=%2Fwp%2Fv2%2Fcategories&post=5513"},{"taxonomy":"post_tag","embeddable":true,"href":"https:\/\/www.toque-musicall.com\/index.php?rest_route=%2Fwp%2Fv2%2Ftags&post=5513"}],"curies":[{"name":"wp","href":"https:\/\/api.w.org\/{rel}","templated":true}]}}