{"id":5517,"date":"2016-04-16T08:59:13","date_gmt":"2016-04-16T11:59:13","guid":{"rendered":"http:\/\/www.toque-musicall.com\/?p=5517"},"modified":"2016-04-23T09:02:29","modified_gmt":"2016-04-23T12:02:29","slug":"william-senna-canto-do-tempo-1978","status":"publish","type":"post","link":"https:\/\/www.toque-musicall.com\/?p=5517","title":{"rendered":"William Senna &#8211; Canto Do Tempo (1978)"},"content":{"rendered":"<p><img loading=\"lazy\" decoding=\"async\" class=\"aligncenter\" src=\"https:\/\/1.bp.blogspot.com\/-IxJ4rLK0qw4\/VxoYl3xVsaI\/AAAAAAAAM3c\/lD-QHszecJwQIZocz9QmMNoOu-nYopeTQCLcB\/s640\/capap.JPG\" alt=\"\" width=\"637\" height=\"640\" \/><img loading=\"lazy\" decoding=\"async\" class=\"aligncenter\" src=\"https:\/\/4.bp.blogspot.com\/-tDJvrP7RtaM\/VxoYlw2xf-I\/AAAAAAAAM3Y\/cARqQXw6JBobGoIK8RJw_2B1m_XKThURgCLcB\/s640\/contracapap.JPG\" alt=\"\" width=\"639\" height=\"640\" \/><\/p>\n<p>Ol\u00e1 amigos cultos e ocultos! Seguimos aqui, aos trancos e barrancos, mas sem deixar a peteca cair. Na oportunidade (j\u00e1 t\u00f4 falando assim), trago para voc\u00eas, William Senna, m\u00fasico mineiro da cidade de Rio Casca. Violonista e compositor que mereceu a aten\u00e7\u00e3o de Egberto Gismonti. Gravou em 1985 o lp &#8216;Homem do Madeiro&#8217;, disco que contou com a participa\u00e7\u00e3o da cantora Dulce Bressane e do pr\u00f3prio Egberto Gismonti. Mas antes desse, William Senna j\u00e1 havia gravado &#8216;Canto do Tempo&#8217;, seu primeiro lp, lan\u00e7ado em 1978, de forma independente. N\u00e3o muito diferente de &#8216;Homem do Madeiro&#8217;, &#8221;Canto do Tempo&#8217; tamb\u00e9m \u00e9 um trabalho que chama aten\u00e7\u00e3o pela qualidade de suas m\u00fasicas. S\u00e3o 17 faixas, todas autorais em parceiras diversas, entre essas com Thelma Guedes (hoje autora de novelas e roteirista da TV Globo), que tamb\u00e9m participa dos vocais e na percuss\u00e3o. Acredito que William Senna tenha gravado mais discos. Infelizmente, n\u00e3o consegui encontrar na rede essas informa\u00e7\u00f5es. Mas fica aqui o toque inicial. Quem quiser complementar as informa\u00e7\u00f5es, tem a\u00ed \u00e1rea de coment\u00e1rios. fiquem a vontad<a href=\"http:\/\/depositfiles.org\/files\/ospoqlknl\" target=\"_blank\">e<\/a> \ud83d\ude42<\/p>\n<div style=\"text-align: center;\">canto do tempo<\/div>\n<div style=\"text-align: center;\">cotidiano n.3<\/div>\n<div style=\"text-align: center;\">\u00e9 assim que est\u00e1 certo<\/div>\n<div style=\"text-align: center;\">can\u00e7\u00e3o para o sil\u00eancio<\/div>\n<div style=\"text-align: center;\">oferenda<\/div>\n<div style=\"text-align: center;\">desanoitece isabela<\/div>\n<div style=\"text-align: center;\">aboio<\/div>\n<div style=\"text-align: center;\">imagem<\/div>\n<div style=\"text-align: center;\">permiss\u00e3o pra cantar<\/div>\n<div style=\"text-align: center;\">sil\u00eancio<\/div>\n<div style=\"text-align: center;\">eternidade<\/div>\n<div style=\"text-align: center;\">descompasso<\/div>\n<div style=\"text-align: center;\">amiga<\/div>\n<div style=\"text-align: center;\">crista do boqueir\u00e3o<\/div>\n<div style=\"text-align: center;\">rasuras<\/div>\n<div style=\"text-align: center;\">juca de maria<\/div>\n<div style=\"text-align: center;\">viola-a\u00e7\u00e3o-viola<\/div>\n<div style=\"text-align: center;\"><\/div>\n<div style=\"text-align: center;\">.<\/div>\n","protected":false},"excerpt":{"rendered":"<p>Ol\u00e1 amigos cultos e ocultos! Seguimos aqui, aos trancos e barrancos, mas sem deixar a peteca cair. Na oportunidade (j\u00e1 t\u00f4 falando assim), trago para voc\u00eas, William Senna, m\u00fasico mineiro da cidade de Rio Casca. Violonista e compositor que mereceu &hellip; <a href=\"https:\/\/www.toque-musicall.com\/?p=5517\">Continue lendo <span class=\"meta-nav\">&rarr;<\/span><\/a><\/p>\n","protected":false},"author":1,"featured_media":0,"comment_status":"open","ping_status":"closed","sticky":false,"template":"","format":"standard","meta":{"footnotes":""},"categories":[25,2689],"tags":[],"class_list":["post-5517","post","type-post","status-publish","format-standard","hentry","category-selo-independente","category-william-senna"],"_links":{"self":[{"href":"https:\/\/www.toque-musicall.com\/index.php?rest_route=\/wp\/v2\/posts\/5517","targetHints":{"allow":["GET"]}}],"collection":[{"href":"https:\/\/www.toque-musicall.com\/index.php?rest_route=\/wp\/v2\/posts"}],"about":[{"href":"https:\/\/www.toque-musicall.com\/index.php?rest_route=\/wp\/v2\/types\/post"}],"author":[{"embeddable":true,"href":"https:\/\/www.toque-musicall.com\/index.php?rest_route=\/wp\/v2\/users\/1"}],"replies":[{"embeddable":true,"href":"https:\/\/www.toque-musicall.com\/index.php?rest_route=%2Fwp%2Fv2%2Fcomments&post=5517"}],"version-history":[{"count":1,"href":"https:\/\/www.toque-musicall.com\/index.php?rest_route=\/wp\/v2\/posts\/5517\/revisions"}],"predecessor-version":[{"id":5518,"href":"https:\/\/www.toque-musicall.com\/index.php?rest_route=\/wp\/v2\/posts\/5517\/revisions\/5518"}],"wp:attachment":[{"href":"https:\/\/www.toque-musicall.com\/index.php?rest_route=%2Fwp%2Fv2%2Fmedia&parent=5517"}],"wp:term":[{"taxonomy":"category","embeddable":true,"href":"https:\/\/www.toque-musicall.com\/index.php?rest_route=%2Fwp%2Fv2%2Fcategories&post=5517"},{"taxonomy":"post_tag","embeddable":true,"href":"https:\/\/www.toque-musicall.com\/index.php?rest_route=%2Fwp%2Fv2%2Ftags&post=5517"}],"curies":[{"name":"wp","href":"https:\/\/api.w.org\/{rel}","templated":true}]}}