{"id":552,"date":"2011-02-15T08:19:00","date_gmt":"2011-02-15T08:19:00","guid":{"rendered":"http:\/\/www.toque-musicall.com\/?p=552"},"modified":"2011-02-15T08:19:00","modified_gmt":"2011-02-15T08:19:00","slug":"aleluia-bossa-nova-1978","status":"publish","type":"post","link":"https:\/\/www.toque-musicall.com\/?p=552","title":{"rendered":"Aleluia Bossa Nova (1978)"},"content":{"rendered":"<p><a href=\"http:\/\/4.bp.blogspot.com\/-Dr-5xx6qmEA\/TVo3jjDBoDI\/AAAAAAAAHsc\/mxRYkCNa8jc\/s1600\/aleluia+Bossa+nova+P.JPG\"><img decoding=\"async\" style=\"text-align: center; margin: 0px auto 10px; width: 400px; display: block; height: 393px;\" id=\"BLOGGER_PHOTO_ID_5573828572667289650\" alt=\"\" src=\"http:\/\/4.bp.blogspot.com\/-Dr-5xx6qmEA\/TVo3jjDBoDI\/AAAAAAAAHsc\/mxRYkCNa8jc\/s400\/aleluia+Bossa+nova+P.JPG\" border=\"0\" \/><\/a>A coisa por aqui anda a mil maravilhas, quanto mais eu tenho feito postagens, mais discos me aparecem. Se depender s\u00f3 deles, acho que o Toque Musical dura mais uns 100 anos. Colabora\u00e7\u00f5es, doa\u00e7\u00f5es e participa\u00e7\u00f5es especiais tem sido a ordem do dia por aqui. O nosso blog vem assumindo uma posi\u00e7\u00e3o de destaque e credibilidade que me surpreende. Que bom, n\u00e9?<br \/>Hoje o nosso encontro \u00e9 com a Bossa Nova. Estou trazendo aqui (para variar) um disco raro e importante para a discografia mineira. Um \u00e1lbum que at\u00e9 hoje nunca foi apresentado em blogs musicais e que por isso mesmo, suponho, pouca gente o conhece. Trata-se de &#8220;Aleluia Bossa&#8221;, disco, gravado ao vivo, produzido e dirigido pelo cantor e compositor mineiro, produtor musical da R\u00e1dio Guarani FM, Roberto Tostes Martins, mais conhecido como Bob Tostes. H\u00e1 tempos eu venho tentando localizar esse disco, sem imaginar que ele estava mais pr\u00f3ximo do que eu esperava. No ano passado, por diversas vezes, eu trombei com o Bob nas ruas de BH, mas nunca tinha a oportunidade de conversar com ele. Como eu estava interessado em publicar este disco aqui no TM, decidi enviar um e-mail. Pessoa super simp\u00e1tica e agrad\u00e1vel. Foi acess\u00edvel e atencioso. Conversamos por v\u00e1rias vezes atrav\u00e9s de e-mails e ensaiamos outras tantas um encontro, onde ele me prometeu uma c\u00f3pia do disco. Essa hist\u00f3ria se arrastou por uns dois ou tr\u00eas meses, quando ent\u00e3o eu tive um tempinho para ir \u00e0 R\u00e1dio Guarani e a\u00ed n\u00f3s nos conhecemos pessoalmente. O cara \u00e9 realmente muito gente boa. N\u00e3o fosse a pressa e compromissos de ambos os lados, ter\u00edamos conversado por horas. Contei a ele que muito dos discos postados no blog formam um dia comprados em sua loja de discos, a Bobtostes, uma das melhores da cidade. Eu sempre que podia e tinha um dinheirinho, corria l\u00e1 para comprar algum disco. Incr\u00edvel imaginar que para quem era dono de uma das mais completas lojas de disco do pa\u00eds, hoje n\u00e3o guarda consigo um lp. Mas, muito mais que um lojista ou empres\u00e1rio do ramo musical, Roberto Tostes \u00e9 um artista, uma refer\u00eancia na m\u00fasica mineira, em especial na Bossa Nova. Participou do movimento &#8216;Musicanossa&#8217;, no \u00ednicio dos anos 70, ao lado de Roberto Menescal. Atuou em shows juntamente com outros grandes nomes da MPB. Sua irm\u00e3, a cantora Suzana Tostes, tamb\u00e9m tem sido uma parceira constante. Bob sempre esteve atuante, ao jeito mineiro, compondo, gravando, participando de diferentes projetos. Seu trabalho de composi\u00e7\u00e3o est\u00e1 tamb\u00e9m ligado ao teatro, principalmente o infantil, onde produziu in\u00fameras trilhas. Al\u00e9m deste disco que eu estou trazendo para o TM, ele tamb\u00e9m gravou o &#8220;Sambacana Volumes 3 e 4&#8221;. Participou, ao lado da irm\u00e3 Suzana, da colet\u00e2nea &#8220;Bossa Nova Wonderland&#8221;, produ\u00e7\u00e3o feita sob encomenda para o mercado japon\u00eas. Sua boa rela\u00e7\u00e3o com Roberto Menescal o levou a gravar h\u00e1 alguns anos atr\u00e1s, \u00e0 pedido deste, um outro disco (cd), com m\u00fasicas de Frank Sinatra, em ritmo de bossa, tamb\u00e9m uma encomenda para o mercado internacional. A partir de 2009 ele se associou em parceria com o jovem cantor e compositor mineiro, Marcelo Gaz e gravaram o cd &#8220;<a href=\"http:\/\/www.horizonte.art.br\/\">Horizontes<\/a>&#8220;, um trabalho sens\u00edvel e sofisticado, com participa\u00e7\u00f5es especial\u00edssimas de Affonsinho, BossaCucaNova, Carlos Malta, FernandaTakai, Juarez Moreira, Roberto Menescal, Suzana Tostes, Jane Duboc e Renato Motha. O disco, me parece, estava para ser lan\u00e7ado no final do ano passado. Ainda n\u00e3o ouvi.<br \/>Eu, com certeza, devo estar deixando de fora muito da hist\u00f3ria do artista. Sei que a coisa n\u00e3o para por a\u00ed, mas acho melhor voltar aos anos 70. Foi nesta d\u00e9cada que ele se dedicou tamb\u00e9m \u00e0 vida de empres\u00e1rio da noite, criando a memor\u00e1vel &#8220;Baubles&#8221;, um bar muito charmoso na regi\u00e3o da Savassi. O Baubles foi uma casa noturna que logo se tornou o melhor palco da cidade, por onde se apresentaram grandes nomes da nossa m\u00fasica popular, dos mineiros do Clube da Esquina aos internacionais e c\u00e9lebres da Bossa Nova. Durante quatro anos o Baubles funcionou fazendo a alegria da mo\u00e7ada. L\u00e1 eles criaram &#8216;pocket shows&#8217; memor\u00e1veis e muito bem produzidos. &#8220;Aleluia Bossa Nova&#8221; foi um desses e mereceu at\u00e9 ser gravado. Trata-se de uma celebra\u00e7\u00e3o aos, ent\u00e3o, 20 anos de Bossa Nova. Uma comemora\u00e7\u00e3o ao estilo e com um gostinho que buscava lembrar os tempos do &#8220;Beco das garrafas&#8221; no Rio, quando a Bossa era realmente nova. Houve, ao que parece, a presen\u00e7a de Menescal em um depoimento gravado para os &#8216;bossanovistas&#8217; de c\u00e1. Uma tremenda festa, com a participa\u00e7\u00e3o de quase vinte artistas, entre m\u00fasicos e int\u00e9rpretes. Destaque para os violonistas Juarez Moreira e seu irm\u00e3o, Celso Moreira.<br \/>O repert\u00f3rio do show re\u00fane alguns dos maiores sucessos da m\u00fasica brasileira, em &#8216;pout pourri&#8217;, no estilo criado por Jo\u00e3o Gilberto e sua turma. &#8220;Aleluia Bossa Nova&#8221;, o disco, foi lan\u00e7ado pela gravadora Imagem, do lend\u00e1rio Jonas Silva. Conforme o texto da contracapa, o disco traz 40 minutos de um show de duas horas. Na c\u00f3pia que eu recebi do Bob, ele me fez a gentileza de incluir um b\u00f4nus extra. Maravilha!<\/p>\n<p><\/p>\n<div align=\"center\">abertura &#8211; c\u00f4ro<\/div>\n<div align=\"center\"><em>uau!<\/em><\/div>\n<div align=\"center\"><em>a bossa de jobim<\/em><\/div>\n<div align=\"center\"><em>estamos a\u00ed<\/em><\/div>\n<div align=\"center\">pout pourri para sylvia telles &#8211; suzana tostes<\/div>\n<div align=\"center\"><em>minha namorada<\/em><\/div>\n<div align=\"center\"><em>voc\u00ea <\/em><\/div>\n<div align=\"center\"><em>voc\u00ea e eu<\/em><\/div>\n<div align=\"center\"><em>dindi<\/em><\/div>\n<div align=\"center\">sol, sal, sul<\/div>\n<div align=\"center\"><em>lobo bobo<\/em> &#8211; claudia<\/div>\n<div align=\"center\"><em>pernas<\/em> &#8211; gustavo penna e bob tostes<\/div>\n<div align=\"center\"><em>rio<\/em> &#8211; c\u00f4ro<\/div>\n<div align=\"center\"><em>balan\u00e7o zona sul<\/em> &#8211; bob tostes<\/div>\n<div align=\"center\"><em>lunik 9, tempo feliz, pr\u00e1 que chorar<\/em> &#8211; bob tostes<\/div>\n<div align=\"center\">maysa &#8211; elsa giannini<\/div>\n<div align=\"center\"><em>demais<\/em><\/div>\n<div align=\"center\"><em>meu mundo caiu<\/em><\/div>\n<div align=\"center\"><em>ou\u00e7a<\/em><\/div>\n<div align=\"center\">nova bossa antiga &#8211; bob e suzana tostes<\/div>\n<div align=\"center\"><em>aquarela do brasil<\/em><\/div>\n<div align=\"center\"><em>na baixa do sapateiro<\/em><\/div>\n<div align=\"center\"><em>camisa amarela<\/em><\/div>\n<div align=\"center\"><em>agora \u00e9 cinza<\/em><\/div>\n<div align=\"center\"><em>\u00e9 com esse que eu vou<\/em><\/div>\n<div align=\"center\"><em>maracangalha<\/em><\/div>\n<div align=\"center\"><em>se acaso voc\u00ea chegasse<\/em><\/div>\n<div align=\"center\"><em>rosa morena<\/em><\/div>\n<div align=\"center\"><em>trevo de quatro folhas<\/em><\/div>\n<div align=\"center\"><em>trem de ferro<\/em><\/div>\n<div align=\"center\"><em>trolley song<\/em><\/div>\n<div align=\"center\"><em>carinhoso<\/em><\/div>\n<div align=\"center\"><em>eu sonhei que tu estavas t\u00e3o lida<\/em><\/div>\n<div align=\"center\"><em>valsa de uma cidade<\/em><\/div>\n<div align=\"center\"><em>ilus\u00e3o a toa, sonho e saudade<\/em> &#8211; bob tostes<\/div>\n<div align=\"center\"><em>pra dizer adeus<\/em> &#8211; lilian mattos e gustavo penna<\/div>\n<div align=\"center\">samba saravah<\/div>\n<div align=\"center\"><em>samba em prel\u00fadio<\/em> &#8211; elsa giannini e bob tostes<\/div>\n<div align=\"center\"><em>garota de ipanema<\/em> &#8211; suzana tostes<\/div>\n<div align=\"center\"><em>samba da ben\u00e7\u00e3o<\/em> &#8211; elsa, suzana e bob<\/p>\n<p><\/div>\n<div align=\"center\"><\/div>\n<div align=\"center\"><\/div>\n","protected":false},"excerpt":{"rendered":"<p>A coisa por aqui anda a mil maravilhas, quanto mais eu tenho feito postagens, mais discos me aparecem. Se depender s\u00f3 deles, acho que o Toque Musical dura mais uns 100 anos. Colabora\u00e7\u00f5es, doa\u00e7\u00f5es e participa\u00e7\u00f5es especiais tem sido a &hellip; <a href=\"https:\/\/www.toque-musicall.com\/?p=552\">Continue lendo <span class=\"meta-nav\">&rarr;<\/span><\/a><\/p>\n","protected":false},"author":1,"featured_media":0,"comment_status":"open","ping_status":"closed","sticky":false,"template":"","format":"standard","meta":{"footnotes":""},"categories":[846,596,129],"tags":[],"class_list":["post-552","post","type-post","status-publish","format-standard","hentry","category-aleluia-bossa-nova","category-bob-tostes","category-selo-imagem"],"_links":{"self":[{"href":"https:\/\/www.toque-musicall.com\/index.php?rest_route=\/wp\/v2\/posts\/552","targetHints":{"allow":["GET"]}}],"collection":[{"href":"https:\/\/www.toque-musicall.com\/index.php?rest_route=\/wp\/v2\/posts"}],"about":[{"href":"https:\/\/www.toque-musicall.com\/index.php?rest_route=\/wp\/v2\/types\/post"}],"author":[{"embeddable":true,"href":"https:\/\/www.toque-musicall.com\/index.php?rest_route=\/wp\/v2\/users\/1"}],"replies":[{"embeddable":true,"href":"https:\/\/www.toque-musicall.com\/index.php?rest_route=%2Fwp%2Fv2%2Fcomments&post=552"}],"version-history":[{"count":0,"href":"https:\/\/www.toque-musicall.com\/index.php?rest_route=\/wp\/v2\/posts\/552\/revisions"}],"wp:attachment":[{"href":"https:\/\/www.toque-musicall.com\/index.php?rest_route=%2Fwp%2Fv2%2Fmedia&parent=552"}],"wp:term":[{"taxonomy":"category","embeddable":true,"href":"https:\/\/www.toque-musicall.com\/index.php?rest_route=%2Fwp%2Fv2%2Fcategories&post=552"},{"taxonomy":"post_tag","embeddable":true,"href":"https:\/\/www.toque-musicall.com\/index.php?rest_route=%2Fwp%2Fv2%2Ftags&post=552"}],"curies":[{"name":"wp","href":"https:\/\/api.w.org\/{rel}","templated":true}]}}