{"id":5521,"date":"2016-04-25T19:45:40","date_gmt":"2016-04-25T22:45:40","guid":{"rendered":"http:\/\/www.toque-musicall.com\/?p=5521"},"modified":"2016-04-30T00:24:35","modified_gmt":"2016-04-30T03:24:35","slug":"inverno-verao-apresenta-angela-maria-1985","status":"publish","type":"post","link":"https:\/\/www.toque-musicall.com\/?p=5521","title":{"rendered":"Inverno Ver\u00e3o Apresenta Angela Maria (1985)"},"content":{"rendered":"<p><img loading=\"lazy\" decoding=\"async\" class=\"aligncenter\" src=\"https:\/\/2.bp.blogspot.com\/-tfmQbc3jKa0\/VyPT4y2bbaI\/AAAAAAAAM4E\/zUjMIhsOp7whyW31YRK-y598gt0acc9qQCLcB\/s640\/capap.JPG\" alt=\"\" width=\"630\" height=\"640\" \/><img loading=\"lazy\" decoding=\"async\" class=\"aligncenter\" src=\"https:\/\/3.bp.blogspot.com\/-fQhseotmBv0\/VyPT4A763iI\/AAAAAAAAM4A\/8jtLWCq7Wggpb8aXxc8xZ3dh1gGye_ZWwCLcB\/s640\/contrap.JPG\" alt=\"\" width=\"633\" height=\"640\" \/><\/p>\n<p>Boa noite, amigos cultos e ocutos. Devagar, devagarinho v\u00e3o sa\u00edndo as postagens. Aqui mais um disco dos muitos pacotes enviados pelo amigo Fares. Acho que temos material para abastecer o Toque Musical at\u00e9 o fim do ano, hehehe&#8230; Vai depender, \u00e9 claro, do administrador que anda mais pra l\u00e1 do que pra c\u00e1. Mas no pinga n\u00e3o pinga, sempre que poss\u00edvel teremos um novo toque aqui.<br \/>\nHoje temos um disco da s\u00e9rie &#8220;Inverno &amp; Ver\u00e3o&#8221;, com a grande Angela Maria. Produ\u00e7\u00e3o meio que independente, projeto que partiu do empres\u00e1rio Romualdo Zanoni, propriet\u00e1rio do restaurante Inverno &amp; Ver\u00e3o. Na d\u00e9cada de 80 o famoso restaurante foi palco e produtor de grandes artistas que por l\u00e1 passaram e tiveram registradas as suas apresenta\u00e7\u00f5es. Aqui no Toque Musical temos algumas dessas produ\u00e7\u00f5es, discos de artistas como Dick Farney, Raul de Souza, Tito Madi e Silvio Caldas, Agora \u00e9 a vez da Angela Maria. Mas ao contr\u00e1rios de outros discos dessa s\u00e9rie, este \u00e9 um \u00e1lbum que n\u00e3o foi gravado ao vivo. Conforme nos informa a contracapa, este trabalho comemora os 35 anos de carreira da cantora, isso l\u00e1 por volta de 1985. Embora seja um momento especial da artista e tenha bons arranjos e reg\u00eancia do maestro Daniel Salinas, o conjunto da obra n\u00e3o convence. Ali\u00e1s, eu diria, que a Angela Maria teve a infelicidade de ser orientada para um repert\u00f3rio rom\u00e2ntico-brega, o que limitou muito todo o seu potencial. Mesmo assim, vale a pena ouvir esta grande cantora brasileir<a href=\"http:\/\/depositfiles.org\/files\/dkalbjlpc\" target=\"_blank\">a<\/a>.<\/p>\n<div style=\"text-align: center;\">velhos tempos<\/div>\n<div style=\"text-align: center;\">brigas<\/div>\n<div style=\"text-align: center;\">primavera em lisboa<\/div>\n<div style=\"text-align: center;\">o bilhete<\/div>\n<div style=\"text-align: center;\">ora eu, ora voc\u00ea<\/div>\n<div style=\"text-align: center;\">infinitas estrelas<\/div>\n<div style=\"text-align: center;\">apesar de n\u00e3o ser<\/div>\n<div style=\"text-align: center;\">passado e futuro<\/div>\n<div style=\"text-align: center;\">mais um cabelo branco<\/div>\n<div style=\"text-align: center;\">pensando em ti<\/div>\n<div style=\"text-align: center;\"><\/div>\n<div style=\"text-align: center;\">.<\/div>\n","protected":false},"excerpt":{"rendered":"<p>Boa noite, amigos cultos e ocutos. Devagar, devagarinho v\u00e3o sa\u00edndo as postagens. Aqui mais um disco dos muitos pacotes enviados pelo amigo Fares. Acho que temos material para abastecer o Toque Musical at\u00e9 o fim do ano, hehehe&#8230; Vai depender, &hellip; <a href=\"https:\/\/www.toque-musicall.com\/?p=5521\">Continue lendo <span class=\"meta-nav\">&rarr;<\/span><\/a><\/p>\n","protected":false},"author":1,"featured_media":0,"comment_status":"open","ping_status":"closed","sticky":false,"template":"","format":"standard","meta":{"footnotes":""},"categories":[1537,807],"tags":[],"class_list":["post-5521","post","type-post","status-publish","format-standard","hentry","category-angela-roro","category-selo-inverno-e-verao"],"_links":{"self":[{"href":"https:\/\/www.toque-musicall.com\/index.php?rest_route=\/wp\/v2\/posts\/5521","targetHints":{"allow":["GET"]}}],"collection":[{"href":"https:\/\/www.toque-musicall.com\/index.php?rest_route=\/wp\/v2\/posts"}],"about":[{"href":"https:\/\/www.toque-musicall.com\/index.php?rest_route=\/wp\/v2\/types\/post"}],"author":[{"embeddable":true,"href":"https:\/\/www.toque-musicall.com\/index.php?rest_route=\/wp\/v2\/users\/1"}],"replies":[{"embeddable":true,"href":"https:\/\/www.toque-musicall.com\/index.php?rest_route=%2Fwp%2Fv2%2Fcomments&post=5521"}],"version-history":[{"count":1,"href":"https:\/\/www.toque-musicall.com\/index.php?rest_route=\/wp\/v2\/posts\/5521\/revisions"}],"predecessor-version":[{"id":5522,"href":"https:\/\/www.toque-musicall.com\/index.php?rest_route=\/wp\/v2\/posts\/5521\/revisions\/5522"}],"wp:attachment":[{"href":"https:\/\/www.toque-musicall.com\/index.php?rest_route=%2Fwp%2Fv2%2Fmedia&parent=5521"}],"wp:term":[{"taxonomy":"category","embeddable":true,"href":"https:\/\/www.toque-musicall.com\/index.php?rest_route=%2Fwp%2Fv2%2Fcategories&post=5521"},{"taxonomy":"post_tag","embeddable":true,"href":"https:\/\/www.toque-musicall.com\/index.php?rest_route=%2Fwp%2Fv2%2Ftags&post=5521"}],"curies":[{"name":"wp","href":"https:\/\/api.w.org\/{rel}","templated":true}]}}