{"id":553,"date":"2011-02-14T08:53:00","date_gmt":"2011-02-14T08:53:00","guid":{"rendered":"http:\/\/www.toque-musicall.com\/?p=553"},"modified":"2011-02-14T08:53:00","modified_gmt":"2011-02-14T08:53:00","slug":"lenita-bruno-por-toda-a-minha-vida-1959","status":"publish","type":"post","link":"https:\/\/www.toque-musicall.com\/?p=553","title":{"rendered":"Lenita Bruno &#8211; Por Toda A Minha Vida (1959)"},"content":{"rendered":"<p><a href=\"http:\/\/2.bp.blogspot.com\/-j8lQhcGF-jw\/TVjuhps59VI\/AAAAAAAAHsQ\/FEhcdHqMxuM\/s1600\/lenita+bruno+P.JPG\"><img decoding=\"async\" style=\"text-align: center; margin: 0px auto 10px; width: 400px; display: block; height: 396px;\" id=\"BLOGGER_PHOTO_ID_5573466800768283986\" alt=\"\" src=\"http:\/\/2.bp.blogspot.com\/-j8lQhcGF-jw\/TVjuhps59VI\/AAAAAAAAHsQ\/FEhcdHqMxuM\/s400\/lenita+bruno+P.JPG\" border=\"0\" \/><\/a> Bom dia, amigos cultos e ocultos! Enquanto vai coando o caf\u00e9 e o p\u00e3o de queijo saindo do forno, eu adianto o meu lado, partido logo para a postagem. Segunda feira \u00e9 sempre um dia complicado, nunca sei o que me espera&#8230;<br \/>Para come\u00e7ar bem a semana, iniciamos com um disco muito importante da mpb, um \u00e1lbum que at\u00e9 bem pouco tempo era uma raridade. &#8220;Por toda a minha vida&#8221;, gravado pela cantora l\u00edrica Lenita Bruno, com orquestra\u00e7\u00e3o e arranjos do Maestro Leo Perachi, traz treze temas de autoria e parceria de Antonio Carlos Jobim e Vin\u00edcius de Moraes. O \u00e1lbum foi lan\u00e7ado originalmente em 1959. Me lembro bem deste lp l\u00e1 em casa. Minha m\u00e3e, sempre apaixonada, vivia cantando ao estilo da Lenita a bel\u00edssima &#8220;Serenata do adeus&#8221;. Sem d\u00favida, a interpreta\u00e7\u00e3o de Lenita Bruno \u00e9 maravilhosa, n\u00e3o apenas nessa m\u00fasica, mas no geral. Os arranjos n\u00e3o ficam por menos, s\u00e3o tamb\u00e9m perfeitos. Tudo de acordo e a altura de Tom e Vin\u00edcius. O disco \u00e9 mais uma j\u00f3ia produzida por Irineu Garcia, atrav\u00e9s de seu selo Festa. Foi um trabalho que exigiu uma super produ\u00e7\u00e3o e que provavelmente, em termos financeiros, n\u00e3o alcan\u00e7ou o retorno merecido. Ali\u00e1s, diga-se de passagem, Irineu Garcia n\u00e3o estava muito preocupado em ganhar dinheiro com sua gravadora ou com os t\u00edtulos publicados por ela. Seu interesse \u00e9 mais cultural, de preserva\u00e7\u00e3o da arte musical e principalmente po\u00e9tica. Ele foi o primeiro a se dedicar \u00e0 grava\u00e7\u00f5es de poesias, dos nossos principais poetas e tamb\u00e9m de alguns estrangeiros.<br \/>H\u00e1 pouco tempo atr\u00e1s, v\u00e1rios t\u00edtulos da gravadora voltaram a ser relan\u00e7ados pela Tratore Discos. Eu ainda n\u00e3o comprei o meu cd, mas com certeza o farei, pois dizem que ficou muito bom e al\u00e9m do mais traz em seu encarte outras informa\u00e7\u00f5es hist\u00f3ricas. Quem n\u00e3o conhece o disco, pode aqui conferir e depois correr atr\u00e1s do cd, que desta vez saiu com uma nova capa. Al\u00e9m do mais, vai ser muito &#8216;chic&#8217; tem em sua estante este lan\u00e7amento. Os amigos v\u00e3o reparar&#8230; \ud83d\ude09<\/p>\n<div align=\"center\">por toda a minha vida<\/div>\n<div align=\"center\">serenata do adeus<\/div>\n<div align=\"center\">estrada branca<\/div>\n<div align=\"center\">soneto da separa\u00e7\u00e3o<\/div>\n<div align=\"center\">valsa do orfeu<\/div>\n<div align=\"center\">can\u00e7\u00e3o do amor demais<\/div>\n<div align=\"center\">as praias desertas<\/div>\n<div align=\"center\">eu sei que vou te amar<\/div>\n<div align=\"center\">canta, canta mais<\/div>\n<div align=\"center\">modinha<\/div>\n<div align=\"center\">cae a tarde<\/div>\n<div align=\"center\">sem voc\u00ea<\/div>\n<div align=\"center\">eu n\u00e3o existo sem voc\u00ea<\/p>\n<p><\/div>\n<div align=\"center\"> <\/div>\n<div align=\"center\"> <\/div>\n","protected":false},"excerpt":{"rendered":"<p>Bom dia, amigos cultos e ocultos! Enquanto vai coando o caf\u00e9 e o p\u00e3o de queijo saindo do forno, eu adianto o meu lado, partido logo para a postagem. Segunda feira \u00e9 sempre um dia complicado, nunca sei o que &hellip; <a href=\"https:\/\/www.toque-musicall.com\/?p=553\">Continue lendo <span class=\"meta-nav\">&rarr;<\/span><\/a><\/p>\n","protected":false},"author":1,"featured_media":0,"comment_status":"open","ping_status":"closed","sticky":false,"template":"","format":"standard","meta":{"footnotes":""},"categories":[847,517],"tags":[],"class_list":["post-553","post","type-post","status-publish","format-standard","hentry","category-lenita-bruno","category-selo-festa"],"_links":{"self":[{"href":"https:\/\/www.toque-musicall.com\/index.php?rest_route=\/wp\/v2\/posts\/553","targetHints":{"allow":["GET"]}}],"collection":[{"href":"https:\/\/www.toque-musicall.com\/index.php?rest_route=\/wp\/v2\/posts"}],"about":[{"href":"https:\/\/www.toque-musicall.com\/index.php?rest_route=\/wp\/v2\/types\/post"}],"author":[{"embeddable":true,"href":"https:\/\/www.toque-musicall.com\/index.php?rest_route=\/wp\/v2\/users\/1"}],"replies":[{"embeddable":true,"href":"https:\/\/www.toque-musicall.com\/index.php?rest_route=%2Fwp%2Fv2%2Fcomments&post=553"}],"version-history":[{"count":0,"href":"https:\/\/www.toque-musicall.com\/index.php?rest_route=\/wp\/v2\/posts\/553\/revisions"}],"wp:attachment":[{"href":"https:\/\/www.toque-musicall.com\/index.php?rest_route=%2Fwp%2Fv2%2Fmedia&parent=553"}],"wp:term":[{"taxonomy":"category","embeddable":true,"href":"https:\/\/www.toque-musicall.com\/index.php?rest_route=%2Fwp%2Fv2%2Fcategories&post=553"},{"taxonomy":"post_tag","embeddable":true,"href":"https:\/\/www.toque-musicall.com\/index.php?rest_route=%2Fwp%2Fv2%2Ftags&post=553"}],"curies":[{"name":"wp","href":"https:\/\/api.w.org\/{rel}","templated":true}]}}