{"id":5535,"date":"2016-05-08T11:36:08","date_gmt":"2016-05-08T14:36:08","guid":{"rendered":"http:\/\/www.toque-musicall.com\/?p=5535"},"modified":"2016-05-08T11:36:08","modified_gmt":"2016-05-08T14:36:08","slug":"sandra-sa-demonio-colorido-1980","status":"publish","type":"post","link":"https:\/\/www.toque-musicall.com\/?p=5535","title":{"rendered":"Sandra S\u00e1 &#8211; Dem\u00f4nio Colorido (1980)"},"content":{"rendered":"<p><img loading=\"lazy\" decoding=\"async\" class=\"aligncenter\" src=\"https:\/\/4.bp.blogspot.com\/-4-3_rMGOVPY\/Vy9LKEHCtGI\/AAAAAAAAM5k\/spI4BzGN8g4H_Qy7BLJDJGoeEWXD5Ur-gCLcB\/s640\/capap.JPG\" alt=\"\" width=\"640\" height=\"634\" \/><img loading=\"lazy\" decoding=\"async\" class=\"aligncenter\" src=\"https:\/\/4.bp.blogspot.com\/-N66FipxzZcM\/Vy9LKua5-2I\/AAAAAAAAM5o\/93xfkOmo0ZMRBwyvkwzt9rtMr4TG9afSwCLcB\/s640\/contrap.JPG\" alt=\"\" width=\"631\" height=\"640\" \/><\/p>\n<p>Bom dia, meus amigos cultos e ocultos! De mais um lote de discos enviado pelo amigo Fares, eu hoje selecionei este disco da cantora e compositora Sandra S\u00e1, hoje em dia , Sandra de S\u00e1. Como at\u00e9 hoje eu nunca postei nada dela, acho bom come\u00e7ar pelo come\u00e7o, ou seja, pelo seu primeiro disco, &#8220;Dem\u00f4nio Colorido&#8221;, lan\u00e7ado em 1980, pelo selo RGE. O nome do disco \u00e9 tamb\u00e9m o nome da letra de m\u00fasica que ficou entre as finalistas do festival MPB 80. Uma boa estr\u00e9ia da artista que traz, al\u00e9m dessa, uma sele\u00e7\u00e3o de outras boas composi\u00e7\u00f5es, tanto autorais quanto de outros artistas. Confira<a href=\"http:\/\/depositfiles.com\/files\/gz28vyknh\" target=\"_blank\">m<\/a>&#8230;<\/p>\n<div style=\"text-align: center;\">p\u00e9 de meia<\/div>\n<div style=\"text-align: center;\">cavalo ferro<\/div>\n<div style=\"text-align: center;\">na mira dos seus olhos<\/div>\n<div style=\"text-align: center;\">receio de errar<\/div>\n<div style=\"text-align: center;\">bandeira<\/div>\n<div style=\"text-align: center;\">\u00e9<\/div>\n<div style=\"text-align: center;\">vinte e poucos anos<\/div>\n<div style=\"text-align: center;\">saudade vadia<\/div>\n<div style=\"text-align: center;\">essa figura<\/div>\n<div style=\"text-align: center;\">mucama<\/div>\n<div style=\"text-align: center;\">cantar<\/div>\n<div style=\"text-align: center;\">dem\u00f4nio colorido<\/div>\n<div style=\"text-align: center;\"><\/div>\n<div style=\"text-align: center;\">.<\/div>\n","protected":false},"excerpt":{"rendered":"<p>Bom dia, meus amigos cultos e ocultos! De mais um lote de discos enviado pelo amigo Fares, eu hoje selecionei este disco da cantora e compositora Sandra S\u00e1, hoje em dia , Sandra de S\u00e1. Como at\u00e9 hoje eu nunca &hellip; <a href=\"https:\/\/www.toque-musicall.com\/?p=5535\">Continue lendo <span class=\"meta-nav\">&rarr;<\/span><\/a><\/p>\n","protected":false},"author":1,"featured_media":0,"comment_status":"open","ping_status":"closed","sticky":false,"template":"","format":"standard","meta":{"footnotes":""},"categories":[2693,153],"tags":[],"class_list":["post-5535","post","type-post","status-publish","format-standard","hentry","category-sandra-sa","category-selo-rge"],"_links":{"self":[{"href":"https:\/\/www.toque-musicall.com\/index.php?rest_route=\/wp\/v2\/posts\/5535","targetHints":{"allow":["GET"]}}],"collection":[{"href":"https:\/\/www.toque-musicall.com\/index.php?rest_route=\/wp\/v2\/posts"}],"about":[{"href":"https:\/\/www.toque-musicall.com\/index.php?rest_route=\/wp\/v2\/types\/post"}],"author":[{"embeddable":true,"href":"https:\/\/www.toque-musicall.com\/index.php?rest_route=\/wp\/v2\/users\/1"}],"replies":[{"embeddable":true,"href":"https:\/\/www.toque-musicall.com\/index.php?rest_route=%2Fwp%2Fv2%2Fcomments&post=5535"}],"version-history":[{"count":1,"href":"https:\/\/www.toque-musicall.com\/index.php?rest_route=\/wp\/v2\/posts\/5535\/revisions"}],"predecessor-version":[{"id":5536,"href":"https:\/\/www.toque-musicall.com\/index.php?rest_route=\/wp\/v2\/posts\/5535\/revisions\/5536"}],"wp:attachment":[{"href":"https:\/\/www.toque-musicall.com\/index.php?rest_route=%2Fwp%2Fv2%2Fmedia&parent=5535"}],"wp:term":[{"taxonomy":"category","embeddable":true,"href":"https:\/\/www.toque-musicall.com\/index.php?rest_route=%2Fwp%2Fv2%2Fcategories&post=5535"},{"taxonomy":"post_tag","embeddable":true,"href":"https:\/\/www.toque-musicall.com\/index.php?rest_route=%2Fwp%2Fv2%2Ftags&post=5535"}],"curies":[{"name":"wp","href":"https:\/\/api.w.org\/{rel}","templated":true}]}}