{"id":5539,"date":"2016-05-15T15:39:02","date_gmt":"2016-05-15T18:39:02","guid":{"rendered":"http:\/\/www.toque-musicall.com\/?p=5539"},"modified":"2016-05-15T21:41:44","modified_gmt":"2016-05-16T00:41:44","slug":"sidney-isto-e-danca-vol-ii-1962","status":"publish","type":"post","link":"https:\/\/www.toque-musicall.com\/?p=5539","title":{"rendered":"Sidney &#8211; Isto \u00c9 Dan\u00e7a Vol. II (1962)"},"content":{"rendered":"<p><img loading=\"lazy\" decoding=\"async\" class=\"aligncenter\" src=\"https:\/\/2.bp.blogspot.com\/-VfwMIsvueNg\/VzjZAVwfB8I\/AAAAAAAAM6k\/jWe8h2FQh5E5qfczkTF0HO0gMOawPN9QQCLcB\/s640\/capap.JPG\" width=\"620\" height=\"640\" \/><img loading=\"lazy\" decoding=\"async\" class=\"aligncenter\" src=\"https:\/\/2.bp.blogspot.com\/-5W5cK5uYyAU\/VzjZAV0vhPI\/AAAAAAAAM6g\/1IjQ6UvAnc8eMoyY9-fBWUArJsE5Z5S7gCLcB\/s640\/contrap.JPG\" width=\"627\" height=\"640\" \/><\/p>\n<p>Boa tarde, amigos cultos e ocultos. Hoje eu aproveito para postar aqui um disco h\u00e1 tempos solicitado e agora novamente. Depois de algumas garimpadas, acabei achando este volume dois, completando assim a s\u00e9rie lan\u00e7ada pela Columbia no in\u00edcio dos anos 60, do pianista Sidney, com acompanhamento de orquestra e c\u00f4ro, sob a dire\u00e7\u00e3o do mestre Asto<a href=\"http:\/\/depositfiles.com\/files\/p6g4i5d5k\" target=\"_blank\">r<\/a>.<\/p>\n<div style=\"text-align: center;\">nossos momentos<\/div>\n<div style=\"text-align: center;\">sou eu<\/div>\n<div style=\"text-align: center;\">tea for two<\/div>\n<div style=\"text-align: center;\">whispering<\/div>\n<div style=\"text-align: center;\">murm\u00fario<\/div>\n<div style=\"text-align: center;\">o nosso amor<\/div>\n<div style=\"text-align: center;\">the apartment<\/div>\n<div style=\"text-align: center;\">rom\u00e2ntico (tema da balada n. 1)<\/div>\n<div style=\"text-align: center;\">oba<\/div>\n<div style=\"text-align: center;\">eclipse<\/div>\n<div style=\"text-align: center;\">voltei<\/div>\n<div style=\"text-align: center;\">ave maria<\/div>\n<div style=\"text-align: center;\"><\/div>\n<div style=\"text-align: center;\">.<\/div>\n","protected":false},"excerpt":{"rendered":"<p>Boa tarde, amigos cultos e ocultos. Hoje eu aproveito para postar aqui um disco h\u00e1 tempos solicitado e agora novamente. Depois de algumas garimpadas, acabei achando este volume dois, completando assim a s\u00e9rie lan\u00e7ada pela Columbia no in\u00edcio dos anos &hellip; <a href=\"https:\/\/www.toque-musicall.com\/?p=5539\">Continue lendo <span class=\"meta-nav\">&rarr;<\/span><\/a><\/p>\n","protected":false},"author":1,"featured_media":0,"comment_status":"open","ping_status":"closed","sticky":false,"template":"","format":"standard","meta":{"footnotes":""},"categories":[269,2200,179],"tags":[],"class_list":["post-5539","post","type-post","status-publish","format-standard","hentry","category-selo-columbia","category-sidney","category-sidney-com-orquestra-e-coro"],"_links":{"self":[{"href":"https:\/\/www.toque-musicall.com\/index.php?rest_route=\/wp\/v2\/posts\/5539","targetHints":{"allow":["GET"]}}],"collection":[{"href":"https:\/\/www.toque-musicall.com\/index.php?rest_route=\/wp\/v2\/posts"}],"about":[{"href":"https:\/\/www.toque-musicall.com\/index.php?rest_route=\/wp\/v2\/types\/post"}],"author":[{"embeddable":true,"href":"https:\/\/www.toque-musicall.com\/index.php?rest_route=\/wp\/v2\/users\/1"}],"replies":[{"embeddable":true,"href":"https:\/\/www.toque-musicall.com\/index.php?rest_route=%2Fwp%2Fv2%2Fcomments&post=5539"}],"version-history":[{"count":1,"href":"https:\/\/www.toque-musicall.com\/index.php?rest_route=\/wp\/v2\/posts\/5539\/revisions"}],"predecessor-version":[{"id":5540,"href":"https:\/\/www.toque-musicall.com\/index.php?rest_route=\/wp\/v2\/posts\/5539\/revisions\/5540"}],"wp:attachment":[{"href":"https:\/\/www.toque-musicall.com\/index.php?rest_route=%2Fwp%2Fv2%2Fmedia&parent=5539"}],"wp:term":[{"taxonomy":"category","embeddable":true,"href":"https:\/\/www.toque-musicall.com\/index.php?rest_route=%2Fwp%2Fv2%2Fcategories&post=5539"},{"taxonomy":"post_tag","embeddable":true,"href":"https:\/\/www.toque-musicall.com\/index.php?rest_route=%2Fwp%2Fv2%2Ftags&post=5539"}],"curies":[{"name":"wp","href":"https:\/\/api.w.org\/{rel}","templated":true}]}}