{"id":554,"date":"2011-02-13T11:59:00","date_gmt":"2011-02-13T11:59:00","guid":{"rendered":"http:\/\/www.toque-musicall.com\/?p=554"},"modified":"2011-02-13T11:59:00","modified_gmt":"2011-02-13T11:59:00","slug":"orquestra-continental-de-jau-ao-vivo-nas-radios-nacional-e-mayrink-veiga-1958-e-59","status":"publish","type":"post","link":"https:\/\/www.toque-musicall.com\/?p=554","title":{"rendered":"Orquestra Continental De Ja\u00fa &#8211; Ao Vivo Nas R\u00e1dios Nacional E Mayrink Veiga (1958 e 59)"},"content":{"rendered":"<p><img decoding=\"async\" style=\"text-align: center; margin: 0px auto 10px; width: 400px; display: block; height: 400px;\" id=\"BLOGGER_PHOTO_ID_5573144035733472738\" alt=\"\" src=\"http:\/\/2.bp.blogspot.com\/-KDIXvzKJU5I\/TVfI-QP7BeI\/AAAAAAAAHro\/935bTcj_1M4\/s400\/folder.jpg\" border=\"0\" \/><img decoding=\"async\" style=\"text-align: center; margin: 0px auto 10px; width: 400px; display: block; height: 400px;\" id=\"BLOGGER_PHOTO_ID_5573143719234157618\" alt=\"\" src=\"http:\/\/3.bp.blogspot.com\/-dGYuiLWlsyM\/TVfIr1MmvDI\/AAAAAAAAHrg\/oxjTLkymDG4\/s400\/folder.jpg\" border=\"0\" \/><a href=\"http:\/\/www.mediafire.com\/download.php?ckao11rrhz1ob2m\"><img decoding=\"async\" style=\"margin: 0px 10px 10px 0px; width: 200px; float: left; height: 186px;\" id=\"BLOGGER_PHOTO_ID_5573165338285134706\" alt=\"\" src=\"http:\/\/3.bp.blogspot.com\/-TCrldpKr4Lc\/TVfcWOcBU3I\/AAAAAAAAHr8\/JJnfN4iLQ60\/s200\/folder.jpg\" border=\"0\" \/><\/a>Como eu havia dito anteriormente, ainda temos os b\u00f4nus. O baile ainda n\u00e3o acabou, vejam voc\u00eas&#8230; Procurando algumas informa\u00e7\u00f5es complementares sobre a Orquestra Continental de Ja\u00fa, fui descobrir que os dois discos gravados naquela \u00e9poca foram relan\u00e7ados em formato digital, numa colet\u00e2nea publicada em cd em 1996.<\/p>\n<div>Por iniciativa de um dos m\u00fasicos e arranjadores da Orquestra, o pianista Antonio Charles Rodrigues, foi criado tamb\u00e9m <a href=\"http:\/\/www.orquestracontinentaldejau.com.br\/\">um site, contando toda a hist\u00f3ria<\/a> e a trajet\u00f3ria desta excelente &#8216;big band&#8217; do interior paulista. Para a alegria de todos n\u00f3s, curiosos e amantes da boa m\u00fasica, no site tem disponibilizados, em mp3, o cd colet\u00e2nea &#8220;Baile de Gala&#8221;. O disco n\u00e3o traz todas as faixas dos<\/div>\n<div>dois \u00e1lbuns, mesmo assim essas tamb\u00e9m podem ser baixadas na rela\u00e7\u00e3o dos &#8216;extras&#8217;. H\u00e1 tamb\u00e9m, o que eu achei ainda mais interessante, registros raros da Orquestra ao vivo, feitos nos anos de 1958 e 59, quando o grupo, liderado pelo seu maestro Waldomiro de Oliveira esteve no Rio de Janeiro se apresentando em programas da R\u00e1dio Nacional e Mayrink Veiga. Tomei a liberdade de reunir tudo, criando capinhas personalizadas para esta postagem. S\u00e3o momentos muito interessantes que vale a pena conhecer ou relembrar. Para efeito complementar, segue a baixo um texto, extra\u00eddo do pr\u00f3prio site, contando resumidamente a hist\u00f3ria da Orquestra Continental. N\u00e3o deixem por\u00e9m de <a href=\"http:\/\/www.orquestracontinentaldejau.com.br\/\">visitar o site<\/a> e conhecer melhor esse &#8216;esp\u00edrito musical&#8217;.<br \/><em>A mais famosa orquestra de dan\u00e7as do interior paulista apresentou-se em quase todos os clubes, est\u00e2ncias hidrominerais e hot\u00e9is importantes, nos seus principais bailes de gala \u2013 formaturas, coroa\u00e7\u00e3o de misses, desfiles de moda, comemora\u00e7\u00f5es e anivers\u00e1rios de cidades. O som da Orquestra Continental de Ja\u00fa, \u00e9poca rom\u00e2ntica nos \u201canos dourados\u201d, inspirou muitos casamentos. Era conjunto moderno, formado por 19 m\u00fasicos-professores, institu\u00eddo pelo sistema de cooperativa, onde cada componente era s\u00f3cio, como as existentes nos Estados Unidos. Teve como exemplos as orquestras dos saudosos Glenn Miller, Tommy Dorsey e as de Ray Anthony, Les Brown, Les Elgart. Os equipamentos, de poucos recursos t\u00e9cnicos, e at\u00e9 o \u00f4nibus pertenciam ao grupo. Os cr\u00edticos especializados exaltavam como uma das melhores, mais bem organizadas e duradouras (26 anos) orquestras do Brasil. Em 1956, atingiu o auge da atividade ao abrilhantar 110 bailes. Entre dezembro daquele ano e janeiro de 1957, bateu o pr\u00f3prio recorde abrilhantando 34 bailes de formatura, quando executou cerca de 250 m\u00fasicas por noite. Os contratos desses bailes eram firmados com anteced\u00eancia de at\u00e9 um ano. A Orquestra apresentou-se em mais de 300 cidades de seis estados: S\u00e3o Paulo, Paran\u00e1, Mato Grosso do Sul, Minas Gerais, Goi\u00e1s e Rio de Janeiro. Ganhando fama, a Continental participou de shows nos programas das r\u00e1dios Nacional (na \u00e9poca, a catedral da m\u00fasica popular brasileira) e Mayrink Veiga (Rio), na TV Tupi (Rio e SP) e boates. Suas grava\u00e7\u00f5es fizeram muito sucesso no Brasil e no exterior. Em diversas cidades, cantores famosos na \u00e9poca foram acompanhados pela Orquestra Continental de Ja\u00fa, tais como: Jamel\u00e3o, L\u00facio Alves, Elza Soares, Maysa, Ivon Cury, Cauby Peixoto, Nelson Gon\u00e7alves, Altemar Dutra, D\u00f3ris Monteiro, Miltinho<\/em><em>, Marta Mendon\u00e7a, An\u00edzio Silva, Francisco Alves, Agnaldo Rayol, \u00c2ngela Maria, Hebe Camargo, Inezita Barroso, Marlene, Blecaute e os internacionais Greg\u00f3rio Barrios, Pedro Savedra, Lolita Rios, Lilian Roy e Chiquito. Em duas d\u00e9cadas de exist\u00eancia, dezenas de m\u00fasicos profissionais tocaram na orquestra. Destacamos os componentes que participaram das grava\u00e7\u00f5es no Rio de Janeiro. Saxofones: Domingos, Joaquim, Jo\u00e3o, Milton e Romeu. Trompetes: Carmelo, Luiz, Danilo e Ariovaldo (Tite). Trombones: Jo\u00e3o, Jesus e Firmo. Tuba: Jo\u00e3o Antonio. Piano: Charles. Viol\u00e3o: Alceu e Lima. Guitarra havaiana: Jos\u00e9 Lima. Contrabaixo: Gi\u00e1como. Bateria e bong\u00f4: Geraldo e Rubens. <\/em><\/div>\n<div><em>Arranjadores que participaram dessas grava\u00e7\u00f5es. Do Rio de Janeiro: Aldo Taranto, <\/em><em>Vadico<\/em><em> (Oswaldo Gagliano), Jos\u00e9 Moutra e Astor. Arranjadores exclusivos da orquestra: os trompetistas Luiz, Tite e Danilo, o pianista Charles, o guitarrista Lima e o saxofonista Romeu.<br \/>Reg\u00eancia: maestro e \u201ccrooner\u201d Antonio Waldomiro de Oliveira, que, pelo idealismo, perseveran\u00e7a e destacada atua\u00e7\u00e3o nos movimentos musicais da cidade, foi respons\u00e1vel por mais esse trabalho. Supervisionou todos os passos da produ\u00e7\u00e3o e financiou com recursos pr\u00f3prios a edi\u00e7\u00e3o deste CD, lan\u00e7ado no final do semestre de 1996.<\/em><\/div>\n<div><em><\/em> <\/div>\n<div align=\"center\"><em>&#8230;<\/em><\/div>\n<div><em><\/em><\/div>\n<div align=\"center\">02 e 03 de fevereiro de 1958 &#8211; r\u00e1dios nacional e mayrink veiga do rio de janeiro<\/div>\n<div align=\"center\">r\u00e1dio nacional &#8211; programa &#8220;papel carbono&#8221; 1959<\/p>\n<p><\/div>\n<div align=\"center\"><\/div>\n<div align=\"center\"><\/div>\n","protected":false},"excerpt":{"rendered":"<p>Como eu havia dito anteriormente, ainda temos os b\u00f4nus. O baile ainda n\u00e3o acabou, vejam voc\u00eas&#8230; Procurando algumas informa\u00e7\u00f5es complementares sobre a Orquestra Continental de Ja\u00fa, fui descobrir que os dois discos gravados naquela \u00e9poca foram relan\u00e7ados em formato digital, &hellip; <a href=\"https:\/\/www.toque-musicall.com\/?p=554\">Continue lendo <span class=\"meta-nav\">&rarr;<\/span><\/a><\/p>\n","protected":false},"author":1,"featured_media":0,"comment_status":"open","ping_status":"closed","sticky":false,"template":"","format":"standard","meta":{"footnotes":""},"categories":[180,848],"tags":[],"class_list":["post-554","post","type-post","status-publish","format-standard","hentry","category-bootleg","category-orquestra-continental-de-jau"],"_links":{"self":[{"href":"https:\/\/www.toque-musicall.com\/index.php?rest_route=\/wp\/v2\/posts\/554","targetHints":{"allow":["GET"]}}],"collection":[{"href":"https:\/\/www.toque-musicall.com\/index.php?rest_route=\/wp\/v2\/posts"}],"about":[{"href":"https:\/\/www.toque-musicall.com\/index.php?rest_route=\/wp\/v2\/types\/post"}],"author":[{"embeddable":true,"href":"https:\/\/www.toque-musicall.com\/index.php?rest_route=\/wp\/v2\/users\/1"}],"replies":[{"embeddable":true,"href":"https:\/\/www.toque-musicall.com\/index.php?rest_route=%2Fwp%2Fv2%2Fcomments&post=554"}],"version-history":[{"count":0,"href":"https:\/\/www.toque-musicall.com\/index.php?rest_route=\/wp\/v2\/posts\/554\/revisions"}],"wp:attachment":[{"href":"https:\/\/www.toque-musicall.com\/index.php?rest_route=%2Fwp%2Fv2%2Fmedia&parent=554"}],"wp:term":[{"taxonomy":"category","embeddable":true,"href":"https:\/\/www.toque-musicall.com\/index.php?rest_route=%2Fwp%2Fv2%2Fcategories&post=554"},{"taxonomy":"post_tag","embeddable":true,"href":"https:\/\/www.toque-musicall.com\/index.php?rest_route=%2Fwp%2Fv2%2Ftags&post=554"}],"curies":[{"name":"wp","href":"https:\/\/api.w.org\/{rel}","templated":true}]}}