{"id":5550,"date":"2016-05-23T13:20:49","date_gmt":"2016-05-23T16:20:49","guid":{"rendered":"http:\/\/www.toque-musicall.com\/?p=5550"},"modified":"2016-05-24T13:21:04","modified_gmt":"2016-05-24T16:21:04","slug":"paulo-burgos-selecoes-de-portugal-1957","status":"publish","type":"post","link":"https:\/\/www.toque-musicall.com\/?p=5550","title":{"rendered":"Paulo Burgos &#8211; Sele\u00e7\u00f5es De Portugal (1957)"},"content":{"rendered":"<p><img loading=\"lazy\" decoding=\"async\" class=\"aligncenter\" src=\"https:\/\/2.bp.blogspot.com\/-9etu7IHQRkI\/V0PAtCizHaI\/AAAAAAAAM74\/rIref4DFL44d00CoHNut6XYIBzHHlN9pgCLcB\/s640\/capap.JPG\" width=\"639\" height=\"640\" \/><img loading=\"lazy\" decoding=\"async\" class=\"aligncenter\" src=\"https:\/\/4.bp.blogspot.com\/-843zHl769BE\/V0PAtOzrwII\/AAAAAAAAM78\/fw8BfCoI914n_yEdhQheZOwOxe4-LkfOACLcB\/s640\/contrap.JPG\" width=\"625\" height=\"640\" \/><\/p>\n<p>Ol\u00e1 amigos cultos e ocultos! Dando sequencia a s\u00e9rie dos 10 polegadas, eu trago hoje um disco dedicado aqueles que s\u00e3o f\u00e3s da m\u00fasica portuguesa. Temos aqui uma sele\u00e7\u00e3o com algumas das mais conhecidas m\u00fasica portuguesas interpretadas pelo pianista pernambucano Paulo Burgos em disco lan\u00e7ado pelo selo Mocambo, da f\u00e1brica de discos Rozenblit, em 1957. O lp \u00e9 de faixa cont\u00ednua, ou seja, n\u00e3o h\u00e1 separa\u00e7\u00e3o entre as m\u00fasica. Feito assim especialmente para dan\u00e7ar, sem pausa, pelo menos a cada lado. N\u00e3o vou estender na apresenta\u00e7\u00e3o, pois o verso da capa j\u00e1 nos traz toda a informa\u00e7\u00e3o complementar. Confiram j\u00e1&#8230;<\/p>\n<div style=\"text-align: center;\">ai mouraria<\/div>\n<div style=\"text-align: center;\">fado do ci\u00fame<\/div>\n<div style=\"text-align: center;\">madragoa<\/div>\n<div style=\"text-align: center;\">persegui\u00e7\u00e3o<\/div>\n<div style=\"text-align: center;\">lisboa antiga<\/div>\n<div style=\"text-align: center;\">coimbra<\/div>\n<div style=\"text-align: center;\">foi deus<\/div>\n<div style=\"text-align: center;\">que deus te perdoe<\/div>\n<div style=\"text-align: center;\"><\/div>\n<div style=\"text-align: center;\">.<\/div>\n","protected":false},"excerpt":{"rendered":"<p>Ol\u00e1 amigos cultos e ocultos! Dando sequencia a s\u00e9rie dos 10 polegadas, eu trago hoje um disco dedicado aqueles que s\u00e3o f\u00e3s da m\u00fasica portuguesa. Temos aqui uma sele\u00e7\u00e3o com algumas das mais conhecidas m\u00fasica portuguesas interpretadas pelo pianista pernambucano &hellip; <a href=\"https:\/\/www.toque-musicall.com\/?p=5550\">Continue lendo <span class=\"meta-nav\">&rarr;<\/span><\/a><\/p>\n","protected":false},"author":1,"featured_media":0,"comment_status":"open","ping_status":"closed","sticky":false,"template":"","format":"standard","meta":{"footnotes":""},"categories":[2695,184],"tags":[],"class_list":["post-5550","post","type-post","status-publish","format-standard","hentry","category-paulo-burgos","category-selo-mocambo"],"_links":{"self":[{"href":"https:\/\/www.toque-musicall.com\/index.php?rest_route=\/wp\/v2\/posts\/5550","targetHints":{"allow":["GET"]}}],"collection":[{"href":"https:\/\/www.toque-musicall.com\/index.php?rest_route=\/wp\/v2\/posts"}],"about":[{"href":"https:\/\/www.toque-musicall.com\/index.php?rest_route=\/wp\/v2\/types\/post"}],"author":[{"embeddable":true,"href":"https:\/\/www.toque-musicall.com\/index.php?rest_route=\/wp\/v2\/users\/1"}],"replies":[{"embeddable":true,"href":"https:\/\/www.toque-musicall.com\/index.php?rest_route=%2Fwp%2Fv2%2Fcomments&post=5550"}],"version-history":[{"count":1,"href":"https:\/\/www.toque-musicall.com\/index.php?rest_route=\/wp\/v2\/posts\/5550\/revisions"}],"predecessor-version":[{"id":5551,"href":"https:\/\/www.toque-musicall.com\/index.php?rest_route=\/wp\/v2\/posts\/5550\/revisions\/5551"}],"wp:attachment":[{"href":"https:\/\/www.toque-musicall.com\/index.php?rest_route=%2Fwp%2Fv2%2Fmedia&parent=5550"}],"wp:term":[{"taxonomy":"category","embeddable":true,"href":"https:\/\/www.toque-musicall.com\/index.php?rest_route=%2Fwp%2Fv2%2Fcategories&post=5550"},{"taxonomy":"post_tag","embeddable":true,"href":"https:\/\/www.toque-musicall.com\/index.php?rest_route=%2Fwp%2Fv2%2Ftags&post=5550"}],"curies":[{"name":"wp","href":"https:\/\/api.w.org\/{rel}","templated":true}]}}