{"id":5559,"date":"2016-05-31T18:41:42","date_gmt":"2016-05-31T21:41:42","guid":{"rendered":"http:\/\/www.toque-musicall.com\/?p=5559"},"modified":"2016-05-31T18:41:42","modified_gmt":"2016-05-31T21:41:42","slug":"nelson-ferraz-lamento-negro-1956","status":"publish","type":"post","link":"https:\/\/www.toque-musicall.com\/?p=5559","title":{"rendered":"Nelson Ferraz &#8211; Lamento Negro (1956)"},"content":{"rendered":"<p>2727<img loading=\"lazy\" decoding=\"async\" class=\"aligncenter\" src=\"https:\/\/3.bp.blogspot.com\/-pRB71cMuNTA\/V0zxsl2v17I\/AAAAAAAAM9Y\/sKH6QP_iSVQgUN81wnfczGeZQbsH8LBcgCLcB\/s640\/capap.JPG\" width=\"640\" height=\"640\" \/><img loading=\"lazy\" decoding=\"async\" class=\"aligncenter\" src=\"https:\/\/2.bp.blogspot.com\/-qoJ9SIckFnM\/V0zxtYZdxeI\/AAAAAAAAM9c\/ZFIqXTkUH3w85huFX3rl1TJBEeibPT8ZACLcB\/s640\/contrap.JPG\" width=\"631\" height=\"640\" \/><\/p>\n<div class=\"separator\">Meus prezados amigos cultos e ocultos, boa tarde! Seguimos aqui com mais um lp de 10 polegadas. Desta vez com o cantor e tamb\u00e9m ator, Nelson Ferraz. Dono de uma voz poderosa, ele interpreta como poucos oito temas cl\u00e1ssicos da m\u00fasica popular brasileira relacionados a ra\u00e7a negra. Temos aqui Ary Barroso, Heckel Tavares, Cust\u00f3dio Mesquita e Alcyr Pires Vermelho, Nelson Ferraz vem acompanhado pelo maestro Radam\u00e9s Gnattali e sua orquestra, respons\u00e1vel tamb\u00e9m pelos bel\u00edssimos arranjos. N\u00e3o deixem de conferir. Agora l\u00e1 dentro do GTM, ok?<\/div>\n<div class=\"separator\" style=\"text-align: center;\"><\/div>\n<div class=\"separator\" style=\"text-align: center;\">terra seca<\/div>\n<div class=\"separator\" style=\"text-align: center;\">funeral d&#8217;um rei nag\u00f4<\/div>\n<div class=\"separator\" style=\"text-align: center;\">leil\u00e3o<\/div>\n<div class=\"separator\" style=\"text-align: center;\">banzo<\/div>\n<div class=\"separator\" style=\"text-align: center;\">algod\u00e3o<\/div>\n<div class=\"separator\" style=\"text-align: center;\">navio negreiro<\/div>\n<div class=\"separator\" style=\"text-align: center;\">lamento negro<\/div>\n<div class=\"separator\" style=\"text-align: center;\">preto velho<\/div>\n<div class=\"separator\" style=\"text-align: center;\"><\/div>\n<div class=\"separator\" style=\"text-align: center;\">.<\/div>\n","protected":false},"excerpt":{"rendered":"<p>2727 Meus prezados amigos cultos e ocultos, boa tarde! Seguimos aqui com mais um lp de 10 polegadas. Desta vez com o cantor e tamb\u00e9m ator, Nelson Ferraz. Dono de uma voz poderosa, ele interpreta como poucos oito temas cl\u00e1ssicos &hellip; <a href=\"https:\/\/www.toque-musicall.com\/?p=5559\">Continue lendo <span class=\"meta-nav\">&rarr;<\/span><\/a><\/p>\n","protected":false},"author":1,"featured_media":0,"comment_status":"open","ping_status":"closed","sticky":false,"template":"","format":"standard","meta":{"footnotes":""},"categories":[2696,40],"tags":[],"class_list":["post-5559","post","type-post","status-publish","format-standard","hentry","category-nelson-ferraz","category-selo-continental"],"_links":{"self":[{"href":"https:\/\/www.toque-musicall.com\/index.php?rest_route=\/wp\/v2\/posts\/5559","targetHints":{"allow":["GET"]}}],"collection":[{"href":"https:\/\/www.toque-musicall.com\/index.php?rest_route=\/wp\/v2\/posts"}],"about":[{"href":"https:\/\/www.toque-musicall.com\/index.php?rest_route=\/wp\/v2\/types\/post"}],"author":[{"embeddable":true,"href":"https:\/\/www.toque-musicall.com\/index.php?rest_route=\/wp\/v2\/users\/1"}],"replies":[{"embeddable":true,"href":"https:\/\/www.toque-musicall.com\/index.php?rest_route=%2Fwp%2Fv2%2Fcomments&post=5559"}],"version-history":[{"count":1,"href":"https:\/\/www.toque-musicall.com\/index.php?rest_route=\/wp\/v2\/posts\/5559\/revisions"}],"predecessor-version":[{"id":5560,"href":"https:\/\/www.toque-musicall.com\/index.php?rest_route=\/wp\/v2\/posts\/5559\/revisions\/5560"}],"wp:attachment":[{"href":"https:\/\/www.toque-musicall.com\/index.php?rest_route=%2Fwp%2Fv2%2Fmedia&parent=5559"}],"wp:term":[{"taxonomy":"category","embeddable":true,"href":"https:\/\/www.toque-musicall.com\/index.php?rest_route=%2Fwp%2Fv2%2Fcategories&post=5559"},{"taxonomy":"post_tag","embeddable":true,"href":"https:\/\/www.toque-musicall.com\/index.php?rest_route=%2Fwp%2Fv2%2Ftags&post=5559"}],"curies":[{"name":"wp","href":"https:\/\/api.w.org\/{rel}","templated":true}]}}