{"id":556,"date":"2011-02-12T16:21:00","date_gmt":"2011-02-12T16:21:00","guid":{"rendered":"http:\/\/www.toque-musicall.com\/?p=556"},"modified":"2011-02-12T16:21:00","modified_gmt":"2011-02-12T16:21:00","slug":"orquestra-continental-de-jau-chegou-a-orquestra-de-jau-1960","status":"publish","type":"post","link":"https:\/\/www.toque-musicall.com\/?p=556","title":{"rendered":"Orquestra Continental De Ja\u00fa &#8211; Chegou A Orquestra De Ja\u00fa (1960)"},"content":{"rendered":"<p><a href=\"http:\/\/4.bp.blogspot.com\/-oEbPbEAd7O0\/TVca9y17QNI\/AAAAAAAAHq4\/HyiCsZda4L4\/s1600\/orquestra+de+jau+F.JPG\"><img decoding=\"async\" style=\"TEXT-ALIGN: center; MARGIN: 0px auto 10px; WIDTH: 395px; DISPLAY: block; HEIGHT: 400px\" id=\"BLOGGER_PHOTO_ID_5572952712816574674\" border=\"0\" alt=\"\" src=\"http:\/\/4.bp.blogspot.com\/-oEbPbEAd7O0\/TVca9y17QNI\/AAAAAAAAHq4\/HyiCsZda4L4\/s400\/orquestra+de+jau+F.JPG\" \/><\/a> Ol\u00e1 amigos, boa noite! Cheguei um pouco encima da hora. Pelo jeito o baile j\u00e1 come\u00e7ou, mas vai ficar melhor e podem ter certeza, vai durar em todo o fim de semana. Digo isso porque farei de hoje e amanh\u00e3 uma festa ao som da Orquestra Continental de J\u00e1u. H\u00e1 tempos venho adiando essa apresenta\u00e7\u00e3o, mas ontem tive o tempo necess\u00e1rio para ouvir e preparar os dois \u00fanicos \u00e1lbuns gravados por essa excelente &#8216;big band&#8217;, a Orquestra Continental de Ja\u00fa. Confesso que at\u00e9 ent\u00e3o nunca havia ouvido a orquestra com tanto interesse. Fiquei mesmo entusiasmado, a ponto de j\u00e1 preparar duas ou mais postagens, quem sabe&#8230; Mesmo com informa\u00e7\u00f5es suficientes para nossa resenha de apresenta\u00e7\u00e3o, achei por bem pesquisar um pouco mais sobre a orquestra que foi um dos mais importantes e prestigiados grupo de bailes do interior paulista. Sob a dire\u00e7\u00e3o do Maestro Waldomiro Lobo, atuaram em todo o estado de S\u00e3o Paulo e tamb\u00e9m no Paran\u00e1 e sul de Minas Gerais. Era uma orquestra famosa e de alto n\u00edvel profissional. Em 1959, depois do reconhecimento nacional, atrav\u00e9s tamb\u00e9m de apresenta\u00e7\u00f5es em r\u00e1dios e televis\u00e3o, eles gravaram o primeiro lp para o quase desconhecido selo Internacional.<br \/>Eu fiz uma confus\u00e3o, publicando aqui o que foi na verdade o segundo disco, de 1960. O \u00e1lbum \u00e9 um desfile de sucessos nacionais e internacionais da \u00e9poca, ou seja, samba, bolero, fox e mambo. Um disco bem ao estilo da \u00e9poca, feito para dan\u00e7ar. Ao final temos at\u00e9 o famoso dobrado &#8220;Colonel Bogey&#8221;, todo mundo marchando de volta para casa. Tenho certeza que ap\u00f3s ouvirem este \u00e1lbum, v\u00e3o querer tamb\u00e9m o primeiro, o qual vai ficar para amanh\u00e3, com direito a bonus e tudo mais&#8230;<\/p>\n<div align=\"center\">blue star<\/div>\n<div align=\"center\">manhattan<\/div>\n<div align=\"center\">fita amarela<\/div>\n<div align=\"center\">esse teu olhar<\/div>\n<div align=\"center\">besame puchunguita<\/div>\n<div align=\"center\">vereda tropical<\/div>\n<div align=\"center\">choro na gafieira<\/div>\n<div align=\"center\">besame mucho<\/div>\n<div align=\"center\">palladium party<\/div>\n<div align=\"center\">feitio de ora\u00e7\u00e3o<\/div>\n<div align=\"center\">pent house mambo<\/div>\n<div align=\"center\">colonel bogey<\/p>\n<p><\/div>\n<div align=\"center\"><\/div>\n<div align=\"center\"><\/div>\n","protected":false},"excerpt":{"rendered":"<p>Ol\u00e1 amigos, boa noite! Cheguei um pouco encima da hora. Pelo jeito o baile j\u00e1 come\u00e7ou, mas vai ficar melhor e podem ter certeza, vai durar em todo o fim de semana. Digo isso porque farei de hoje e amanh\u00e3 &hellip; <a href=\"https:\/\/www.toque-musicall.com\/?p=556\">Continue lendo <span class=\"meta-nav\">&rarr;<\/span><\/a><\/p>\n","protected":false},"author":1,"featured_media":0,"comment_status":"open","ping_status":"closed","sticky":false,"template":"","format":"standard","meta":{"footnotes":""},"categories":[848,506],"tags":[],"class_list":["post-556","post","type-post","status-publish","format-standard","hentry","category-orquestra-continental-de-jau","category-selo-cid-internacional"],"_links":{"self":[{"href":"https:\/\/www.toque-musicall.com\/index.php?rest_route=\/wp\/v2\/posts\/556","targetHints":{"allow":["GET"]}}],"collection":[{"href":"https:\/\/www.toque-musicall.com\/index.php?rest_route=\/wp\/v2\/posts"}],"about":[{"href":"https:\/\/www.toque-musicall.com\/index.php?rest_route=\/wp\/v2\/types\/post"}],"author":[{"embeddable":true,"href":"https:\/\/www.toque-musicall.com\/index.php?rest_route=\/wp\/v2\/users\/1"}],"replies":[{"embeddable":true,"href":"https:\/\/www.toque-musicall.com\/index.php?rest_route=%2Fwp%2Fv2%2Fcomments&post=556"}],"version-history":[{"count":0,"href":"https:\/\/www.toque-musicall.com\/index.php?rest_route=\/wp\/v2\/posts\/556\/revisions"}],"wp:attachment":[{"href":"https:\/\/www.toque-musicall.com\/index.php?rest_route=%2Fwp%2Fv2%2Fmedia&parent=556"}],"wp:term":[{"taxonomy":"category","embeddable":true,"href":"https:\/\/www.toque-musicall.com\/index.php?rest_route=%2Fwp%2Fv2%2Fcategories&post=556"},{"taxonomy":"post_tag","embeddable":true,"href":"https:\/\/www.toque-musicall.com\/index.php?rest_route=%2Fwp%2Fv2%2Ftags&post=556"}],"curies":[{"name":"wp","href":"https:\/\/api.w.org\/{rel}","templated":true}]}}