{"id":5569,"date":"2016-06-08T23:23:18","date_gmt":"2016-06-09T02:23:18","guid":{"rendered":"http:\/\/www.toque-musicall.com\/?p=5569"},"modified":"2016-06-08T23:23:18","modified_gmt":"2016-06-09T02:23:18","slug":"coletanea-dayco-1985","status":"publish","type":"post","link":"https:\/\/www.toque-musicall.com\/?p=5569","title":{"rendered":"Colet\u00e2nea Dayco (1985)"},"content":{"rendered":"<p><img loading=\"lazy\" decoding=\"async\" class=\"aligncenter\" src=\"https:\/\/1.bp.blogspot.com\/-A0CevcMmCoA\/V1jOGkpIs3I\/AAAAAAAAM-4\/0xlvK2M7xDw2cDknZqVeA7yHQeFyhnmJgCLcB\/s640\/capap.JPG\" width=\"637\" height=\"640\" \/><img loading=\"lazy\" decoding=\"async\" class=\"aligncenter\" src=\"https:\/\/2.bp.blogspot.com\/-5RvSz8v7J-E\/V1jOGm_nAHI\/AAAAAAAAM-8\/i6JjvyYmgAwb4lrGBggggSdog72ywV_TACLcB\/s640\/contrap.JPG\" width=\"640\" height=\"629\" \/><\/p>\n<p>Ol\u00e1, amigos cultos, ocultos e associados!\u00a0 Hoje o TM oferece a voc\u00eas um \u00e1lbum-colet\u00e2nea que foi oferecido como brinde da Natal aos clientes da antiga Dayco do Brasil. A hist\u00f3ria da empresa come\u00e7ou em 1967, com a funda\u00e7\u00e3o da Fultrac, empresa da fam\u00edlia Uliano, e, em 1971, o empres\u00e1rio Abraham Graicar entrou como s\u00f3cio. Desde o in\u00edcio, a empresa importa, fabrica e distribui produtos destinados \u00e0 constru\u00e7\u00e3o civil, \u00e0 comunica\u00e7\u00e3o visual e \u00e0 arquitetura: selantes de silicone, fitas adesivas, chapas e telhas de policarbonato e alum\u00ednio composto etc. Em 1987, a antiga Dayco \u00a0mudou de nome, passando a chamar-se Day Brasil, e hoje tem f\u00e1bricas em Jandira (SP) e Manaus (AM). Treze anos mais tarde, por\u00e9m, instalou-se no Brasil uma outra empresa com o mesmo nome: a Dayco Power Transmission, fabricante de autope\u00e7as (em especial correias automotivas e cabos de igni\u00e7\u00e3o), pertencente ao grupo norte-americano Mark IV, fundado em 1905 na cidade de Dayton, estado de Ohio. A atual Dayco \u00e9 fornecedora das principais montadoras de autom\u00f3veis do mundo, como GM, Volks, Fiat e Ferrari. \u00a0Este \u00e1lbum que o TM hoje oferece a voc\u00eas, portanto, foi produzido sob encomenda da antiga Dayco, hoje Day Brasil, pela Polygram, hoje Universal Music, e possivelmente foi distribu\u00eddo aos clientes da empresa \u00e1s v\u00e9speras do Natal de 1985. S\u00e3o dez faixas marcantes e expressivas, colhidas nos vastos e ricos arquivos da gravadora, trazendo um pouco do melhor da m\u00fasica popular brasileira nessa ocasi\u00e3o, por alguns de seus monstros sagrados. Para come\u00e7ar, M\u00edlton Nascimento, o carioca que se criou em Minas,\u00a0 aqui vem com tr\u00eas faixas: \u201cCora\u00e7\u00e3o de estudante\u201d (parceria com Wagner Tiso), \u201cA noite do meu bem\u201d, de Dolores Duran (ambas do disco ao vivo que lan\u00e7ou em 1983), e \u201cNos bailes da vida\u201d (parceria com Fernando Brant), com a participa\u00e7\u00e3o do grupo Roupa Nova, lan\u00e7ada originalmente em 1981 no \u00e1lbum \u201cCa\u00e7ador de mim\u201d. Edu Lobo, outro not\u00e1vel expoente da MPB, veio com as faixas \u201cLero-lero\u201d (parceria com Cacaso), com a participa\u00e7\u00e3o especial\u00edssima do MPB-4,\u00a0 e \u201cO trenzinho do caipira\u201d (de Heitor Villa-Lobos, com letra de Ferreira Gullar), ambas extra\u00eddas do \u00e1lbum \u201cCamale\u00e3o\u201d, de 1978. Caetano Veloso aqui nos traz a bel\u00edssima \u201cVoc\u00ea \u00e9 linda\u201d (do disco \u201cUns\u201d, de 1983), e mais duas faixas do \u00e1lbum \u201cVel\u00f4\u201d, editado um ano depois: \u201cPodres poderes\u201d, com forte cr\u00edtica social em sua letra, e \u201cShy moon\u201d, composta em ingl\u00eas, que conta com a participa\u00e7\u00e3o especial de Ritchie, brit\u00e2nico radicado no Brasil, e ent\u00e3o conhecido por hits como \u201cMenina veneno\u201d e \u201cA vida tem dessas coisas\u201d. Por fim, o inesquec\u00edvel mestre Tom Jobim, com duas de suas obras-primas, verdadeiros cl\u00e1ssicos de nossa m\u00fasica popular: \u201c\u00c1guas de mar\u00e7o\u201d, na vers\u00e3o editada em 1973, no disco \u201cMatitaper\u00ea\u201d, e a sempre lembrada \u201cGarota de Ipanema\u201d, aqui em vers\u00e3o instrumental (sem a letra de Vin\u00edcius de Moraes), grava\u00e7\u00e3o feita para o \u00e1lbum \u201cAnt\u00f4nio Carlos Jobim \u2013 The composer of \u2018Desafinado\u2019 plays\u201d, que fez nos EUA para a Verve, em 1963, e foi lan\u00e7ado no Brasil pela Elenco. Enfim, uma sele\u00e7\u00e3o primorosa e bem feita, sob medida para todos aqueles que apreciam o que \u00e9 bom.<\/p>\n<p style=\"text-align: center;\">cora\u00e7\u00e3o de estudante &#8211; milton nacimento<\/p>\n<p style=\"text-align: center;\">lero lero &#8211; edu lobo<\/p>\n<p style=\"text-align: center;\">voc\u00ea \u00e9 linda &#8211; caetano veloso<\/p>\n<p style=\"text-align: center;\">\u00e1guas de mar\u00e7o &#8211; tom jobim<\/p>\n<p style=\"text-align: center;\">a noite do meu bem &#8211; milton nascimento<\/p>\n<p style=\"text-align: center;\">podres poderes &#8211; caetno veloso<\/p>\n<p style=\"text-align: center;\">trem caipira &#8211; edu lobo<\/p>\n<p style=\"text-align: center;\">nos bares da vida &#8211; milton nascimento<\/p>\n<p style=\"text-align: center;\">garota de ipanema &#8211; tom jobim<\/p>\n<p style=\"text-align: center;\">shy moon &#8211; caetano veloso<\/p>\n<p style=\"text-align: left;\">* Texto de Samuel Machado Filho<\/p>\n<p style=\"text-align: center;\">\n<p style=\"text-align: left;\">\n","protected":false},"excerpt":{"rendered":"<p>Ol\u00e1, amigos cultos, ocultos e associados!\u00a0 Hoje o TM oferece a voc\u00eas um \u00e1lbum-colet\u00e2nea que foi oferecido como brinde da Natal aos clientes da antiga Dayco do Brasil. A hist\u00f3ria da empresa come\u00e7ou em 1967, com a funda\u00e7\u00e3o da Fultrac, &hellip; <a href=\"https:\/\/www.toque-musicall.com\/?p=5569\">Continue lendo <span class=\"meta-nav\">&rarr;<\/span><\/a><\/p>\n","protected":false},"author":1,"featured_media":0,"comment_status":"open","ping_status":"closed","sticky":false,"template":"","format":"standard","meta":{"footnotes":""},"categories":[135,136,2697,293,322],"tags":[],"class_list":["post-5569","post","type-post","status-publish","format-standard","hentry","category-antonio-carlos-jobim","category-caetano-veloso","category-coletanea-dayco","category-edu-lobo","category-milton-nascimento"],"_links":{"self":[{"href":"https:\/\/www.toque-musicall.com\/index.php?rest_route=\/wp\/v2\/posts\/5569","targetHints":{"allow":["GET"]}}],"collection":[{"href":"https:\/\/www.toque-musicall.com\/index.php?rest_route=\/wp\/v2\/posts"}],"about":[{"href":"https:\/\/www.toque-musicall.com\/index.php?rest_route=\/wp\/v2\/types\/post"}],"author":[{"embeddable":true,"href":"https:\/\/www.toque-musicall.com\/index.php?rest_route=\/wp\/v2\/users\/1"}],"replies":[{"embeddable":true,"href":"https:\/\/www.toque-musicall.com\/index.php?rest_route=%2Fwp%2Fv2%2Fcomments&post=5569"}],"version-history":[{"count":1,"href":"https:\/\/www.toque-musicall.com\/index.php?rest_route=\/wp\/v2\/posts\/5569\/revisions"}],"predecessor-version":[{"id":5570,"href":"https:\/\/www.toque-musicall.com\/index.php?rest_route=\/wp\/v2\/posts\/5569\/revisions\/5570"}],"wp:attachment":[{"href":"https:\/\/www.toque-musicall.com\/index.php?rest_route=%2Fwp%2Fv2%2Fmedia&parent=5569"}],"wp:term":[{"taxonomy":"category","embeddable":true,"href":"https:\/\/www.toque-musicall.com\/index.php?rest_route=%2Fwp%2Fv2%2Fcategories&post=5569"},{"taxonomy":"post_tag","embeddable":true,"href":"https:\/\/www.toque-musicall.com\/index.php?rest_route=%2Fwp%2Fv2%2Ftags&post=5569"}],"curies":[{"name":"wp","href":"https:\/\/api.w.org\/{rel}","templated":true}]}}