{"id":557,"date":"2011-02-11T10:47:00","date_gmt":"2011-02-11T10:47:00","guid":{"rendered":"http:\/\/www.toque-musicall.com\/?p=557"},"modified":"2011-02-11T10:47:00","modified_gmt":"2011-02-11T10:47:00","slug":"roberto-correa-viola-andarilha-1989","status":"publish","type":"post","link":"https:\/\/www.toque-musicall.com\/?p=557","title":{"rendered":"Roberto Corr\u00eaa &#8211; Viola Andarilha (1989)"},"content":{"rendered":"<p><a href=\"http:\/\/4.bp.blogspot.com\/-A0ENDjZT8iA\/TVUUF881imI\/AAAAAAAAHqs\/WhociHQX9EE\/s1600\/roberto+correa+p.JPG\"><img decoding=\"async\" style=\"TEXT-ALIGN: center; MARGIN: 0px auto 10px; WIDTH: 400px; DISPLAY: block; HEIGHT: 394px; CURSOR: hand\" id=\"BLOGGER_PHOTO_ID_5572382206434052706\" border=\"0\" alt=\"\" src=\"http:\/\/4.bp.blogspot.com\/-A0ENDjZT8iA\/TVUUF881imI\/AAAAAAAAHqs\/WhociHQX9EE\/s400\/roberto+correa+p.JPG\" \/><\/a>Ol\u00e1 amigos cultos e ocultos! Chegamos ao final de mais uma semana, sexta feira, dia institu\u00eddo aqui no Toque Musical para darmos espa\u00e7o \u00e0s produ\u00e7\u00f5es e artistas independentes. Quando eu comecei com essa onda teve gente que torceu o nariz, achou que era bobagem, que eu deveria promover discos antigos e n\u00e3o artistas novos com disco na pra\u00e7a. Em tese eu concordo, meu interesse \u00e9 maior por coisas raras e fora de cat\u00e1logo. Mas vi que abrindo este espa\u00e7o poder\u00edamos dialogar tamb\u00e9m com o novo, dar a chance do artista independente mostrar o seu trabalho. O artista que lan\u00e7a trabalhos independentes n\u00e3o est\u00e1 pensando em vender discos, mas sim em divulgar sua obra ou sua arte. Blogs como o Toque Musical s\u00e3o sempre uma boa vitrine. Aqueles que sabem disso n\u00e3o perdem tempo. Eu, da minha parte, n\u00e3o corro atr\u00e1s de ningu\u00e9m, apenas ofere\u00e7o o espa\u00e7o e procuro divulgar com efici\u00eancia e aten\u00e7\u00e3o aqueles que me chegam da mesma forma. Estou sempre recebendo produ\u00e7\u00f5es musicais independentes. Por\u00e9m, alguns fogem da proposta do blog ou vem como uma simples &#8216;amostra gr\u00e1tis&#8217;. Da\u00ed, eu prefiro muito mais dar aten\u00e7\u00e3o aos independentes fora de cat\u00e1logo e \u00e0s grava\u00e7\u00f5es amadoras. Se o trabalho \u00e9 bom, ele com certeza ter\u00e1 seu espa\u00e7o aqui.<br \/>Para o dia de hoje eu fui buscar um disco independente lan\u00e7ado a mais de vinte anos atr\u00e1s. Temos, \u201cViola Andarilha\u201d, o segundo \u00e1lbum solo do violeiro e professor de m\u00fasica da UFB, Roberto Corr\u00eaa. J\u00e1 tivemos aqui dois <a href=\"http:\/\/toque-musicall.blogspot.com\/search\/label\/Roberto%20Corr%C3%AAa\">outros trabalhos desse artista<\/a> e quem os conhecem sabe bem que o cara \u00e9 genial. Trocou a F\u00edsica pela viola, mas n\u00e3o perdeu o perfil acad\u00eamico. Roberto \u00e9 graduado em F\u00edsica e M\u00fasica, pela Universidade Federal de Bras\u00edlia. Leciona m\u00fasica nesta universidade, o que d\u00e1 a ele e ao seu trabalho um car\u00e1ter mais s\u00e9rio de professor e pesquisador. \u00c9 com certeza uma das maiores autoridades da viola, pois al\u00e9m de pesquisador e acad\u00eamico \u00e9 tamb\u00e9m um virtuoso do instrumento. J\u00e1 gravou mais de uma dezena de discos e tem publicado diversos livros sobre a t\u00e9cnica e a hist\u00f3ria desse instrumento. Em \u201cViola Andarilha\u201d encontramos o artista mais pr\u00f3ximo da m\u00fasica caipira e do universo sertanejo. A viola neste disco, assim como o repert\u00f3rio, apresenta um aspecto mais popular e direto. Al\u00e9m de composi\u00e7\u00f5es pr\u00f3prias e parcerias, ele grava m\u00fasicas de Gerson Coutinho da Silva, o Goi\u00e1, saudoso poeta e compositor mineiro, l\u00e1 de Coromandel. H\u00e1 tamb\u00e9m \u201cEstrada do sert\u00e3o\u201d de Jo\u00e3o Pernambuco com letra de Herm\u00ednio Bello de Carvalho. Este \u00faltimo, por sinal, \u00e9 quem assina o texto, meio que jocoso (ou seria \u2018jecoso\u2019?), de apresenta\u00e7\u00e3o na contracapa. Ta\u00ed, um disco bacana, que agrada tanto os cultos como os ocultos. N\u00e3o deixem de conferir \ud83d\ude09<\/p>\n<div align=\"center\">estrada do sert\u00e3o<\/div>\n<div align=\"center\">chora, violinha, chora<\/div>\n<div align=\"center\">louva\u00e7\u00e3o ao marchador<\/div>\n<div align=\"center\">flora da primavera<\/div>\n<div align=\"center\">heran\u00e7a de acertador<\/div>\n<div align=\"center\">ingrisia na folia<\/div>\n<div align=\"center\">gar\u00e7a maguar\u00ed<\/div>\n<div align=\"center\">chapad\u00e3o<\/div>\n<div align=\"center\">p\u00e9 de cedro<\/div>\n<div align=\"center\">caminheiro da saudade<\/div>\n<div align=\"center\">saudade da minha terra<\/div>\n<div align=\"center\">cascavel quatro ventas<\/div>\n<div align=\"center\"> <\/div>\n<div align=\"center\"> <\/div>\n","protected":false},"excerpt":{"rendered":"<p>Ol\u00e1 amigos cultos e ocultos! Chegamos ao final de mais uma semana, sexta feira, dia institu\u00eddo aqui no Toque Musical para darmos espa\u00e7o \u00e0s produ\u00e7\u00f5es e artistas independentes. Quando eu comecei com essa onda teve gente que torceu o nariz, &hellip; <a href=\"https:\/\/www.toque-musicall.com\/?p=557\">Continue lendo <span class=\"meta-nav\">&rarr;<\/span><\/a><\/p>\n","protected":false},"author":1,"featured_media":0,"comment_status":"open","ping_status":"closed","sticky":false,"template":"","format":"standard","meta":{"footnotes":""},"categories":[849],"tags":[],"class_list":["post-557","post","type-post","status-publish","format-standard","hentry","category-roberto-correa"],"_links":{"self":[{"href":"https:\/\/www.toque-musicall.com\/index.php?rest_route=\/wp\/v2\/posts\/557","targetHints":{"allow":["GET"]}}],"collection":[{"href":"https:\/\/www.toque-musicall.com\/index.php?rest_route=\/wp\/v2\/posts"}],"about":[{"href":"https:\/\/www.toque-musicall.com\/index.php?rest_route=\/wp\/v2\/types\/post"}],"author":[{"embeddable":true,"href":"https:\/\/www.toque-musicall.com\/index.php?rest_route=\/wp\/v2\/users\/1"}],"replies":[{"embeddable":true,"href":"https:\/\/www.toque-musicall.com\/index.php?rest_route=%2Fwp%2Fv2%2Fcomments&post=557"}],"version-history":[{"count":0,"href":"https:\/\/www.toque-musicall.com\/index.php?rest_route=\/wp\/v2\/posts\/557\/revisions"}],"wp:attachment":[{"href":"https:\/\/www.toque-musicall.com\/index.php?rest_route=%2Fwp%2Fv2%2Fmedia&parent=557"}],"wp:term":[{"taxonomy":"category","embeddable":true,"href":"https:\/\/www.toque-musicall.com\/index.php?rest_route=%2Fwp%2Fv2%2Fcategories&post=557"},{"taxonomy":"post_tag","embeddable":true,"href":"https:\/\/www.toque-musicall.com\/index.php?rest_route=%2Fwp%2Fv2%2Ftags&post=557"}],"curies":[{"name":"wp","href":"https:\/\/api.w.org\/{rel}","templated":true}]}}