{"id":5573,"date":"2016-06-11T23:38:34","date_gmt":"2016-06-12T02:38:34","guid":{"rendered":"http:\/\/www.toque-musicall.com\/?p=5573"},"modified":"2021-10-24T08:29:11","modified_gmt":"2021-10-24T11:29:11","slug":"trio-surdina-romance-em-surdina-1958","status":"publish","type":"post","link":"https:\/\/www.toque-musicall.com\/?p=5573","title":{"rendered":"Trio Surdina &#8211; Romance Em Surdina (1958)"},"content":{"rendered":"<p><img loading=\"lazy\" decoding=\"async\" class=\"aligncenter\" src=\"https:\/\/3.bp.blogspot.com\/-4i6_lCavWzo\/V1zF3Ch3BhI\/AAAAAAAAM_U\/q53m2Hf2fegJj5Auc1hYLhlCBh5MDzPygCLcB\/s640\/capap.JPG\" width=\"640\" height=\"630\"><img loading=\"lazy\" decoding=\"async\" class=\"aligncenter\" src=\"https:\/\/3.bp.blogspot.com\/-8Qx6iYoZIJY\/V1zF28OWSEI\/AAAAAAAAM_Q\/PcQdeE6sZHcsQhUxX4e9PQsUvjZCaKY5ACLcB\/s640\/contrap.JPG\" width=\"634\" height=\"640\"><\/p>\n<p>Ol\u00e1, amigos cultos, ocultos e associados! O TM oferece hoje mais um \u00e1lbum do Trio Surdina.&nbsp; A primeira forma\u00e7\u00e3o do grupo surgiu em 1952, com Garoto ao viol\u00e3o, Faf\u00e1 Lemos no violino e Chiquinho ao acordeom. Na ocasi\u00e3o, o trio lan\u00e7ou v\u00e1rios LPs de dez polegadas para a Musidisc de Nilo S\u00e9rgio, e foi no primeiro deles, inclusive, que foi lan\u00e7ado o samba-can\u00e7\u00e3o cl\u00e1ssico \u201cDuas contas\u201d, de Garoto, com solo vocal de Faf\u00e1 Lemos, muit\u00edssimo regravado at\u00e9 hoje. Com a morte prematura de Garoto, em 1955, o Trio Surdina se desfez. &nbsp;Entretanto, no ano seguinte, a Musidisc&nbsp; decidiu relan\u00e7ar o grupo, com nova forma\u00e7\u00e3o: &nbsp;Nestor Campos ao viol\u00e3o, Al Quincas ao violino e El Ga\u00facho ao acordeom, que durou at\u00e9 1958. A \u00faltima forma\u00e7\u00e3o do grupo, com Waltel Branco ao viol\u00e3o, Eduardo Patan\u00e9 ao violino e novamente Chiquinho ao acordeom, gravou apenas um \u00e1lbum em 1963, \u201cTrio Surdina em bossa nova\u201d. Este \u201cRomance em surdina\u201d, oferecido hoje a voc\u00eas pelo TM, embora o texto de contracapa n\u00e3o fa\u00e7a qualquer esclarecimento a respeito, \u00e9 na verdade uma colet\u00e2nea das melhores grava\u00e7\u00f5es da segunda fase do Trio Surdina, editada pela Musidisc com o selo Audiola, em 1958. Do LP de dez polegadas \u201cOuvindo Trio Surdina \u2013 vol. 3\u201d, de 1956, foram extra\u00eddas as faixas \u201cMattinata\u201d, \u201cOver the rainbow\u201d, \u201cMolambo\u201d, \u201cAquellos ojos verdes\u201d, \u201cJ\u2019attendrai\u201d, \u201cSerenata\u201d e \u201cPor que brilham os teus olhos\u201d. E do volume 2 da s\u00e9rie, que naturalmente \u00e9 anterior, e tamb\u00e9m de 56, s\u00e3o as cinco faixas restantes, \u201cMoonlight serenade\u201d, \u201cJalousie\u201d, \u201cLinda flor (Ai, Ioi\u00f4\u201d), \u201cMaria la \u00f4\u201d e \u201cCharmaine\u201d. Uma colet\u00e2nea, sim, mas muito bem feita e que \u00e9 um precioso documento do trabalho desenvolvido pelo Trio Surdina em sua segunda fase, trazendo cl\u00e1ssicos nacionais e internacionais que sempre vale a pena ouvir e reouvir. Divirtam-se&#8230;<\/p>\n<p style=\"text-align: center;\">mattinata<\/p>\n<p style=\"text-align: center;\">over the rainbow<\/p>\n<p style=\"text-align: center;\">molambo<\/p>\n<p style=\"text-align: center;\">ojos verdes<\/p>\n<p style=\"text-align: center;\">fattendrai<\/p>\n<p style=\"text-align: center;\">moonlight serenade<\/p>\n<p style=\"text-align: center;\">serenata<\/p>\n<p style=\"text-align: center;\">porque brilham os teus olhos<\/p>\n<p style=\"text-align: center;\">jealousie<\/p>\n<p style=\"text-align: center;\">linda flor<\/p>\n<p style=\"text-align: center;\">maria l\u00e1-o<\/p>\n<p style=\"text-align: center;\">charmaine<\/p>\n<p style=\"text-align: center;\">.<\/p>\n","protected":false},"excerpt":{"rendered":"<p>Ol\u00e1, amigos cultos, ocultos e associados! O TM oferece hoje mais um \u00e1lbum do Trio Surdina.&nbsp; A primeira forma\u00e7\u00e3o do grupo surgiu em 1952, com Garoto ao viol\u00e3o, Faf\u00e1 Lemos no violino e Chiquinho ao acordeom. Na ocasi\u00e3o, o trio &hellip; <a href=\"https:\/\/www.toque-musicall.com\/?p=5573\">Continue lendo <span class=\"meta-nav\">&rarr;<\/span><\/a><\/p>\n","protected":false},"author":1,"featured_media":0,"comment_status":"open","ping_status":"closed","sticky":false,"template":"","format":"standard","meta":{"footnotes":""},"categories":[1452,737],"tags":[],"class_list":["post-5573","post","type-post","status-publish","format-standard","hentry","category-selo-audiola","category-trio-surdina"],"_links":{"self":[{"href":"https:\/\/www.toque-musicall.com\/index.php?rest_route=\/wp\/v2\/posts\/5573","targetHints":{"allow":["GET"]}}],"collection":[{"href":"https:\/\/www.toque-musicall.com\/index.php?rest_route=\/wp\/v2\/posts"}],"about":[{"href":"https:\/\/www.toque-musicall.com\/index.php?rest_route=\/wp\/v2\/types\/post"}],"author":[{"embeddable":true,"href":"https:\/\/www.toque-musicall.com\/index.php?rest_route=\/wp\/v2\/users\/1"}],"replies":[{"embeddable":true,"href":"https:\/\/www.toque-musicall.com\/index.php?rest_route=%2Fwp%2Fv2%2Fcomments&post=5573"}],"version-history":[{"count":6,"href":"https:\/\/www.toque-musicall.com\/index.php?rest_route=\/wp\/v2\/posts\/5573\/revisions"}],"predecessor-version":[{"id":8879,"href":"https:\/\/www.toque-musicall.com\/index.php?rest_route=\/wp\/v2\/posts\/5573\/revisions\/8879"}],"wp:attachment":[{"href":"https:\/\/www.toque-musicall.com\/index.php?rest_route=%2Fwp%2Fv2%2Fmedia&parent=5573"}],"wp:term":[{"taxonomy":"category","embeddable":true,"href":"https:\/\/www.toque-musicall.com\/index.php?rest_route=%2Fwp%2Fv2%2Fcategories&post=5573"},{"taxonomy":"post_tag","embeddable":true,"href":"https:\/\/www.toque-musicall.com\/index.php?rest_route=%2Fwp%2Fv2%2Ftags&post=5573"}],"curies":[{"name":"wp","href":"https:\/\/api.w.org\/{rel}","templated":true}]}}