{"id":558,"date":"2011-02-10T08:34:00","date_gmt":"2011-02-10T08:34:00","guid":{"rendered":"http:\/\/www.toque-musicall.com\/?p=558"},"modified":"2012-11-16T15:35:56","modified_gmt":"2012-11-16T15:35:56","slug":"ataulfo-alves-o-herdeiro-sou-eu-1969","status":"publish","type":"post","link":"https:\/\/www.toque-musicall.com\/?p=558","title":{"rendered":"Ataulfo Junior &#8211; O Herdeiro Sou Eu (1969)"},"content":{"rendered":"<p><a href=\"http:\/\/1.bp.blogspot.com\/-SEsL0kHlt2o\/TVOnCSKm0cI\/AAAAAAAAHqg\/XA3dNXXSv6E\/s1600\/ataufo+jr+P.JPG\"><img decoding=\"async\" id=\"BLOGGER_PHOTO_ID_5571980821665337794\" style=\"text-align: center; margin: 0px auto 10px; width: 400px; display: block; height: 394px;\" src=\"http:\/\/1.bp.blogspot.com\/-SEsL0kHlt2o\/TVOnCSKm0cI\/AAAAAAAAHqg\/XA3dNXXSv6E\/s400\/ataufo+jr+P.JPG\" alt=\"\" border=\"0\" \/><\/a> Bom dia, amigos cultos e ocultos! Meu tempo para o blog continua curto, quando n\u00e3o picado, da\u00ed o que come\u00e7a pela manh\u00e3 pode, as vezes, encerrar s\u00f3 a noite. Nem sempre \u00e9 f\u00e1cil manter postagens di\u00e1rias e selecionadas, mas enquanto eu tiver a pausa do cafezinho, as folgas do fim de semana para digitaliza\u00e7\u00e3o e o apoio e colabora\u00e7\u00e3o dos amigos, o &#8216;trem&#8217; continua na linha.<br \/>\nNosso encontro hoje \u00e9 com o cantor Ataulfo Alves J\u00fanior, filho do grande compositor da MPB. Ele fez a sua estr\u00e9ia musical em um programa no audit\u00f3rio do Teatro Record, o &#8220;Bossaudade&#8221;, apresentado pela cantora Elizeth Cardoso, em 1963. Nessa d\u00e9cada, contou tamb\u00e9m com o apoio do pai, com quem trabalhou at\u00e9 sua morte, em 69. Durante os anos 60 ele gravou tr\u00eas discos. Um compacto, em 65, pela Continental; seu primeiro lp, &#8220;Eternamente samba&#8221;, em 1966, pela Polydor e este segundo, tamb\u00e9m Polydor, &#8220;O herdeiro sou eu&#8221;, lan\u00e7ado em 1969. Embora todos os tr\u00eas primeiros trabalhos sejam muito bons, Ataulfo Jr. S\u00f3 conseguiu fazer sucesso mesmo a partir dos anos 70. Acredito que o peso da sombra do velho pai inibia um pouco o seu talento, que veio progressivamente se destacando, inclusive como compositor. Em 1964, Ataulfo Pai passa ao filho o seu famoso len\u00e7o branco, simbolizando a continuidade da sua m\u00fasica e do samba.<br \/>\n&#8220;O herdeiro sou eu&#8221; foi lan\u00e7ado logo ap\u00f3s a morte do pai. \u00c9 mais uma homenagem p\u00f3stuma e afirma\u00e7\u00e3o de um legado, tendo como destaque dois &#8216;pot pourri&#8217; de abertura para cada lado do lp. Um disco interessante, de bons sambas e boa interpreta\u00e7\u00e3o, com arranjos &#8216;modernos&#8217; do Maestro Pachequinho. A guitarra el\u00e9trica, ao estilo The Pop&#8217;s, sinaliza os novos tempos, mas a Am\u00e9lia continua deixando saudades. Confiram a\u00ed mais um raro, que ainda nos dias de hoje espera a sua vers\u00e3o digital.<\/p>\n<div align=\"center\">in memoriam n\u00ba 1<\/div>\n<div align=\"center\"><em>na cad\u00eancia do samba<\/em><\/div>\n<div align=\"center\"><em>laranja madura<\/em><\/div>\n<div align=\"center\"><em>destino da madeira<\/em><\/div>\n<div align=\"center\">samba de arrelia<\/div>\n<div align=\"center\">eis a\u00ed<\/div>\n<div align=\"center\">sim ou n\u00e3o<\/div>\n<div align=\"center\">felicidade em mangueira<\/div>\n<div align=\"center\">pela for\u00e7a da saudade<\/div>\n<div align=\"center\">in memoriam n\u00ba 2<\/div>\n<div align=\"center\"><em>leva meu samba<\/em><\/div>\n<div align=\"center\"><em>atire a primeira pedra<\/em><\/div>\n<div align=\"center\"><em>ai que saudades da am\u00e9lia<\/em><\/div>\n<div align=\"center\">pra sempre adeus<\/div>\n<div align=\"center\">chega de brigas<\/div>\n<div align=\"center\">amor de outono<\/div>\n<div align=\"center\">pequeno jornaleiro<\/div>\n<div align=\"center\">amanh\u00e3 ser\u00e1 outro dia&nbsp;<\/p>\n<\/div>\n<div align=\"center\"><\/div>\n<div align=\"center\"><\/div>\n","protected":false},"excerpt":{"rendered":"<p>Bom dia, amigos cultos e ocultos! Meu tempo para o blog continua curto, quando n\u00e3o picado, da\u00ed o que come\u00e7a pela manh\u00e3 pode, as vezes, encerrar s\u00f3 a noite. Nem sempre \u00e9 f\u00e1cil manter postagens di\u00e1rias e selecionadas, mas enquanto &hellip; <a href=\"https:\/\/www.toque-musicall.com\/?p=558\">Continue lendo <span class=\"meta-nav\">&rarr;<\/span><\/a><\/p>\n","protected":false},"author":1,"featured_media":0,"comment_status":"open","ping_status":"closed","sticky":false,"template":"","format":"standard","meta":{"footnotes":""},"categories":[850,146],"tags":[],"class_list":["post-558","post","type-post","status-publish","format-standard","hentry","category-ataulfo-jr","category-selo-polydor"],"_links":{"self":[{"href":"https:\/\/www.toque-musicall.com\/index.php?rest_route=\/wp\/v2\/posts\/558","targetHints":{"allow":["GET"]}}],"collection":[{"href":"https:\/\/www.toque-musicall.com\/index.php?rest_route=\/wp\/v2\/posts"}],"about":[{"href":"https:\/\/www.toque-musicall.com\/index.php?rest_route=\/wp\/v2\/types\/post"}],"author":[{"embeddable":true,"href":"https:\/\/www.toque-musicall.com\/index.php?rest_route=\/wp\/v2\/users\/1"}],"replies":[{"embeddable":true,"href":"https:\/\/www.toque-musicall.com\/index.php?rest_route=%2Fwp%2Fv2%2Fcomments&post=558"}],"version-history":[{"count":1,"href":"https:\/\/www.toque-musicall.com\/index.php?rest_route=\/wp\/v2\/posts\/558\/revisions"}],"predecessor-version":[{"id":2695,"href":"https:\/\/www.toque-musicall.com\/index.php?rest_route=\/wp\/v2\/posts\/558\/revisions\/2695"}],"wp:attachment":[{"href":"https:\/\/www.toque-musicall.com\/index.php?rest_route=%2Fwp%2Fv2%2Fmedia&parent=558"}],"wp:term":[{"taxonomy":"category","embeddable":true,"href":"https:\/\/www.toque-musicall.com\/index.php?rest_route=%2Fwp%2Fv2%2Fcategories&post=558"},{"taxonomy":"post_tag","embeddable":true,"href":"https:\/\/www.toque-musicall.com\/index.php?rest_route=%2Fwp%2Fv2%2Ftags&post=558"}],"curies":[{"name":"wp","href":"https:\/\/api.w.org\/{rel}","templated":true}]}}