{"id":5582,"date":"2016-06-13T06:32:21","date_gmt":"2016-06-13T09:32:21","guid":{"rendered":"http:\/\/www.toque-musicall.com\/?p=5582"},"modified":"2016-06-16T06:34:02","modified_gmt":"2016-06-16T09:34:02","slug":"zaccarias-e-sua-orquestra-frevos-1958","status":"publish","type":"post","link":"https:\/\/www.toque-musicall.com\/?p=5582","title":{"rendered":"Zaccarias E Sua Orquestra &#8211; Frevos (1958)"},"content":{"rendered":"<p><img loading=\"lazy\" decoding=\"async\" class=\"aligncenter\" src=\"https:\/\/3.bp.blogspot.com\/-UESnrZMwcBY\/V2Jqms0AyoI\/AAAAAAAAM_8\/HnWARQBcnQ8hYd3DlgrjKL7Cba7WmKDNwCLcB\/s640\/capap.JPG\" width=\"631\" height=\"640\" \/><img loading=\"lazy\" decoding=\"async\" class=\"aligncenter\" src=\"https:\/\/2.bp.blogspot.com\/-txRbazb5Xn4\/V2JqpsVKm-I\/AAAAAAAANAE\/n1uzVfejDA8HtwfVNnrd3EF2ZAGxJcNKgCLcB\/s640\/contrap.JPG\" width=\"637\" height=\"640\" \/><\/p>\n<p>Ol\u00e1 amigos cultos e ocultos! No Carnaval deste ano eu fiquei mais por conta de repostar links no GTM do que postar novos\/velhos discos relacionados ao tema. Um dos que eu deixei passar foi este com o maestro Zaccarias e sua Orquestra. Mas, sempre \u00e9 tempo de festa, sempre \u00e9 tempo de carnaval. Ali\u00e1s, eu diria, \u00e9 sempre tempo de frevo. Este n\u00e3o se limita apenas ao carnaval. E aqui temos um lp de dez polegas lan\u00e7ado pela RCA Victor no final dos anos 50 com o Maestro Zaccarias, que um dos grande incentivadores do g\u00eanero, sendo orquestra de destaque nas festas do Recife, nos anos 50 e 60. Neste disco est\u00e3o contidas algumas das marchas\/frevos mais tradicionais do carnaval pernambucano.<br \/>\nPara esclarecer isso melhor, nada como um \u00e1lbum em que sua contracapa nos traz toda a informa\u00e7\u00e3o necess\u00e1ria. Isso me poupa tempo e evita poss\u00edveis erros. (&#8230;e deixa eu correr, pois o rel\u00f3gio de ponto me espera). Um bom dia a todos!<\/p>\n<div style=\"text-align: center;\">frevo dos vassourinhas<\/div>\n<div style=\"text-align: center;\">freio a \u00f3leo<\/div>\n<div style=\"text-align: center;\">isquenta mulh\u00e9<\/div>\n<div style=\"text-align: center;\">vassourinhas no rio<\/div>\n<div style=\"text-align: center;\">fog\u00e0o<\/div>\n<div style=\"text-align: center;\">carro chefe<\/div>\n<div style=\"text-align: center;\">vale tudo<\/div>\n<div style=\"text-align: center;\">vassourinha de levino<\/div>\n<div style=\"text-align: center;\"><\/div>\n<div style=\"text-align: center;\">.<\/div>\n","protected":false},"excerpt":{"rendered":"<p>Ol\u00e1 amigos cultos e ocultos! No Carnaval deste ano eu fiquei mais por conta de repostar links no GTM do que postar novos\/velhos discos relacionados ao tema. Um dos que eu deixei passar foi este com o maestro Zaccarias e &hellip; <a href=\"https:\/\/www.toque-musicall.com\/?p=5582\">Continue lendo <span class=\"meta-nav\">&rarr;<\/span><\/a><\/p>\n","protected":false},"author":1,"featured_media":0,"comment_status":"open","ping_status":"closed","sticky":false,"template":"","format":"standard","meta":{"footnotes":""},"categories":[70,280],"tags":[],"class_list":["post-5582","post","type-post","status-publish","format-standard","hentry","category-selo-rca-victor","category-zaccarias-e-sua-orquestra"],"_links":{"self":[{"href":"https:\/\/www.toque-musicall.com\/index.php?rest_route=\/wp\/v2\/posts\/5582","targetHints":{"allow":["GET"]}}],"collection":[{"href":"https:\/\/www.toque-musicall.com\/index.php?rest_route=\/wp\/v2\/posts"}],"about":[{"href":"https:\/\/www.toque-musicall.com\/index.php?rest_route=\/wp\/v2\/types\/post"}],"author":[{"embeddable":true,"href":"https:\/\/www.toque-musicall.com\/index.php?rest_route=\/wp\/v2\/users\/1"}],"replies":[{"embeddable":true,"href":"https:\/\/www.toque-musicall.com\/index.php?rest_route=%2Fwp%2Fv2%2Fcomments&post=5582"}],"version-history":[{"count":1,"href":"https:\/\/www.toque-musicall.com\/index.php?rest_route=\/wp\/v2\/posts\/5582\/revisions"}],"predecessor-version":[{"id":5583,"href":"https:\/\/www.toque-musicall.com\/index.php?rest_route=\/wp\/v2\/posts\/5582\/revisions\/5583"}],"wp:attachment":[{"href":"https:\/\/www.toque-musicall.com\/index.php?rest_route=%2Fwp%2Fv2%2Fmedia&parent=5582"}],"wp:term":[{"taxonomy":"category","embeddable":true,"href":"https:\/\/www.toque-musicall.com\/index.php?rest_route=%2Fwp%2Fv2%2Fcategories&post=5582"},{"taxonomy":"post_tag","embeddable":true,"href":"https:\/\/www.toque-musicall.com\/index.php?rest_route=%2Fwp%2Fv2%2Ftags&post=5582"}],"curies":[{"name":"wp","href":"https:\/\/api.w.org\/{rel}","templated":true}]}}