{"id":5584,"date":"2016-06-15T00:24:11","date_gmt":"2016-06-15T03:24:11","guid":{"rendered":"http:\/\/www.toque-musicall.com\/?p=5584"},"modified":"2016-06-19T00:27:47","modified_gmt":"2016-06-19T03:27:47","slug":"cristina-vejo-amanhecer-1980","status":"publish","type":"post","link":"https:\/\/www.toque-musicall.com\/?p=5584","title":{"rendered":"Cristina &#8211; Vejo Amanhecer (1980)"},"content":{"rendered":"<p><img loading=\"lazy\" decoding=\"async\" class=\"aligncenter\" src=\"https:\/\/2.bp.blogspot.com\/-bCVkkeApRjE\/V2YPPtYGB_I\/AAAAAAAANAY\/cRJaC47zvrkwaE4PmAZbxS1t4PMPUytkgCLcB\/s640\/capap.JPG\" width=\"637\" height=\"640\" \/><img loading=\"lazy\" decoding=\"async\" class=\"aligncenter\" src=\"https:\/\/3.bp.blogspot.com\/-gSt0dchwtKI\/V2YPPnVCKFI\/AAAAAAAANAU\/-VLAU4o-6_0Wb8_HXCJVb2C_2CBE2zl9wCLcB\/s640\/contrap.JPG\" width=\"640\" height=\"617\" \/><\/p>\n<p>Ol\u00e1, amigos cultos, ocultos e associados! Hoje o TM tem a satisfa\u00e7\u00e3o de lhes oferecer um \u00e1lbum de Cristina Buarque, irm\u00e3 ca\u00e7ula de Chico e tamb\u00e9m de Mi\u00facha e Ana de Hollanda, todos filhos do historiador S\u00e9rgio Buarque de Hollanda e de Maria Am\u00e9lia Alvim Buarque de Hollanda. Foi em S\u00e3o Paulo que nossa Cristina veio ao mundo, no dia 23 de dezembro de 1950. Sua casa era frequentada por intelectuais amigos de seus pais, como os poetas M\u00e1rio de Andrade e Vin\u00edcius de Moraes. Em 1952, a fam\u00edlia Buarque de Hollanda mudou-se para Roma, capital da It\u00e1lia, onde o patriarca S\u00e9rgio Buarque foi lecionar, voltando depois ao Brasil. Por volta de 1965, formou um quarteto vocal com duas irm\u00e3s (Ana Maria e Maria do Carmo) e uma amiga (Helena), que se apresentava em shows em col\u00e9gios de S\u00e3o Paulo e, esporadicamente, em programas de televis\u00e3o, acompanhando \u00e1s vezes o irm\u00e3o Chico. Cristina estreou em disco em 1967, no \u00e1lbum misto \u201cOnze sambas e uma capoeira\u201d, dedicado \u00e1 obra de Paulo Vanzolini, com produ\u00e7\u00e3o do publicit\u00e1rio Marcus Pereira, interpretando \u201cChorava no meio da rua\u201d. Um ano depois, gravou com o irm\u00e3o Chico a m\u00fasica \u201cSem fantasia\u201d, obtendo relativo \u00eaxito. No in\u00edcio dos anos 1970, apresentou-se no Bar Violeiro, no bairro carioca da Barra da Tijuca, ao lado de Jo\u00e3o do Valle e da irm\u00e3 Mi\u00facha. Em 1974, grava seu primeiro \u00e1lbum-solo, sem t\u00edtulo, obtendo \u00eaxito nacional com \u201cQuantas l\u00e1grimas\u201d, samba de Manac\u00e9a da Portela. Nessa ocasi\u00e3o, ela come\u00e7ou a resgatar a obra de antigos e grandes sambistas, destacando-se como fiel divulgadora do samba de raiz, o que transparece em praticamente toda a sua discografia.\u00a0\u201cVejo amanhecer\u201d, que o TM hoje nos oferece, \u00e9 o quarto \u00e1lbum-solo de Cristina Buarque, lan\u00e7ado em 1980 pela ent\u00e3o rec\u00e9m-instalada Ariola, com a maior parte dos arranjos assinada por Crist\u00f3v\u00e3o Bastos. A faixa-t\u00edtulo \u00e9 um samba de Noel Rosa e Francisco Alves, refletindo a proposta da int\u00e9rprete em divulgar e resgatar grandes sambas do passado, o que tamb\u00e9m \u00e9 comprovado pelas regrava\u00e7\u00f5es de \u201cV\u00e1 trabalhar\u201d (Cyro de Souza), \u201cSinh\u00e1 Rosinha\u201d (Geraldo Pereira e C\u00e9lio Ferreira), \u201cIronia\u201d (Paulinho da Viola)\u00a0 e \u201cDuro com duro\u201d (Ary Barroso). A faixa de abertura \u00e9 do irm\u00e3o Chico Buarque, \u201cBastidores\u201d, m\u00fasica que, por sinal, foi lan\u00e7ada neste disco, mas, como todos sabem, obteria maior \u00eaxito como rec\u00e9m-falecido Cauby Peixoto. Trabalhos da dupla Novelli (produtor executivo deste disco)-Cacaso (\u201cTriste Ba\u00eda da Guanabara\u201d, \u201cAndorinha\u201d, \u201cA madrasta\u201d), Djavan (\u201cSim ou n\u00e3o\u201d, com arranjo dele mesmo), Godofredo Guedes (\u201cCantar\u201d)\u00a0 e da dupla M\u00edlton Nascimento-Fernando Brant (a sempre lembrada \u201cCan\u00e7\u00e3o da Am\u00e9rica\u201d, que encerra o disco) completam o card\u00e1pio musical deste primoroso disco de Cristina Buarque, sem d\u00favida digno de figurar nos acervos de todos aqueles que prestigiam o que \u00e9 bom.<\/p>\n<p style=\"text-align: center;\">bastidores<\/p>\n<p style=\"text-align: center;\">ironia<\/p>\n<p style=\"text-align: center;\">triste baia da guanabara<\/p>\n<p style=\"text-align: center;\">sim ou n\u00e3o<\/p>\n<p style=\"text-align: center;\">v\u00e1 trabalhar<\/p>\n<p style=\"text-align: center;\">andorinha<\/p>\n<p style=\"text-align: center;\">cantar<\/p>\n<p style=\"text-align: center;\">sinh\u00e1 rosinha<\/p>\n<p style=\"text-align: center;\">duro com duro<\/p>\n<p style=\"text-align: center;\">a madrastra<\/p>\n<p style=\"text-align: center;\">vejo amanhecer<\/p>\n<p style=\"text-align: center;\">can\u00e7\u00e3o da am\u00e9rica<\/p>\n<p style=\"text-align: center;\">.<\/p>\n","protected":false},"excerpt":{"rendered":"<p>Ol\u00e1, amigos cultos, ocultos e associados! Hoje o TM tem a satisfa\u00e7\u00e3o de lhes oferecer um \u00e1lbum de Cristina Buarque, irm\u00e3 ca\u00e7ula de Chico e tamb\u00e9m de Mi\u00facha e Ana de Hollanda, todos filhos do historiador S\u00e9rgio Buarque de Hollanda &hellip; <a href=\"https:\/\/www.toque-musicall.com\/?p=5584\">Continue lendo <span class=\"meta-nav\">&rarr;<\/span><\/a><\/p>\n","protected":false},"author":1,"featured_media":0,"comment_status":"open","ping_status":"closed","sticky":false,"template":"","format":"standard","meta":{"footnotes":""},"categories":[1924,533],"tags":[],"class_list":["post-5584","post","type-post","status-publish","format-standard","hentry","category-cristina-buarque","category-selo-ariola"],"_links":{"self":[{"href":"https:\/\/www.toque-musicall.com\/index.php?rest_route=\/wp\/v2\/posts\/5584","targetHints":{"allow":["GET"]}}],"collection":[{"href":"https:\/\/www.toque-musicall.com\/index.php?rest_route=\/wp\/v2\/posts"}],"about":[{"href":"https:\/\/www.toque-musicall.com\/index.php?rest_route=\/wp\/v2\/types\/post"}],"author":[{"embeddable":true,"href":"https:\/\/www.toque-musicall.com\/index.php?rest_route=\/wp\/v2\/users\/1"}],"replies":[{"embeddable":true,"href":"https:\/\/www.toque-musicall.com\/index.php?rest_route=%2Fwp%2Fv2%2Fcomments&post=5584"}],"version-history":[{"count":2,"href":"https:\/\/www.toque-musicall.com\/index.php?rest_route=\/wp\/v2\/posts\/5584\/revisions"}],"predecessor-version":[{"id":5586,"href":"https:\/\/www.toque-musicall.com\/index.php?rest_route=\/wp\/v2\/posts\/5584\/revisions\/5586"}],"wp:attachment":[{"href":"https:\/\/www.toque-musicall.com\/index.php?rest_route=%2Fwp%2Fv2%2Fmedia&parent=5584"}],"wp:term":[{"taxonomy":"category","embeddable":true,"href":"https:\/\/www.toque-musicall.com\/index.php?rest_route=%2Fwp%2Fv2%2Fcategories&post=5584"},{"taxonomy":"post_tag","embeddable":true,"href":"https:\/\/www.toque-musicall.com\/index.php?rest_route=%2Fwp%2Fv2%2Ftags&post=5584"}],"curies":[{"name":"wp","href":"https:\/\/api.w.org\/{rel}","templated":true}]}}