{"id":5587,"date":"2016-06-18T23:07:21","date_gmt":"2016-06-19T02:07:21","guid":{"rendered":"http:\/\/www.toque-musicall.com\/?p=5587"},"modified":"2016-06-19T02:11:40","modified_gmt":"2016-06-19T05:11:40","slug":"cartola-documento-inedito-1982","status":"publish","type":"post","link":"https:\/\/www.toque-musicall.com\/?p=5587","title":{"rendered":"Cartola &#8211; Documento In\u00e9dito (1982)"},"content":{"rendered":"<p><img loading=\"lazy\" decoding=\"async\" class=\"aligncenter\" src=\"https:\/\/4.bp.blogspot.com\/-hEzJPBkS0jI\/V2YaV73uyJI\/AAAAAAAANA8\/w977r13JzwcRB_ujy7yQkhX1zOVDtO-lwCLcB\/s640\/capap.JPG\" width=\"619\" height=\"640\" \/><img loading=\"lazy\" decoding=\"async\" class=\"aligncenter\" src=\"https:\/\/3.bp.blogspot.com\/-sLiVnjIxxNY\/V2YaWPKQm4I\/AAAAAAAANBA\/0x1JGw1x-zcspdRUOYKI9t2i1YMurqJAACLcB\/s640\/contrap.JPG\" width=\"636\" height=\"640\" \/><\/p>\n<div class=\"separator\">Salve, amigos cultos e ocultos! E estamos em junho, \u00e9poca de S\u00e3o Jo\u00e3o, e eu ainda n\u00e3o fiz uma gracinha, trazendo discos de festas juninas. Confesso que ando mesmo muito displicente. Muita coisa importante anda acontecendo e o Toque Musical tem comido mosca, deixando passar em branco. Mas, os tempos s\u00e3o outros e a cada dia fica mais dif\u00edcil ser di\u00e1rio e atualizado. Al\u00e9m do mais, acho que j\u00e1 postei aqui quase tudo relacionado ao tema. Contudo, vou nos pr\u00f3ximos dias atualizar alguns links no GTM. Fiquem ligados&#8230;<\/div>\n<div class=\"separator\">Para hoje, tenho aqui um registro hist\u00f3rico e p\u00f3stumo, ao grande sambista e compositor Cartola. Este disco pode ser considerado como seu quinto e \u00faltimo lp. Lan\u00e7ado pelo Est\u00fadio Eldorado em 1982, quando ent\u00e3o o artista j\u00e1 havia falecido. Trata-se na verdade de um registro feito pela R\u00e1dio Eldorado, de S\u00e3o Paulo, em depoimento colhido pouco antes de sua morte. Neste, Cartola fala de v\u00e1rios momentos de sua vida e, claro, tamb\u00e9m canta algumas de suas principais composi\u00e7\u00f5es. Sem d\u00favida, imperd\u00edvel&#8230; \ud83d\ude42<\/div>\n<div class=\"separator\"><\/div>\n<div class=\"separator\" style=\"text-align: center;\">que seja bem vindos<\/div>\n<div class=\"separator\" style=\"text-align: center;\">autonomia<\/div>\n<div class=\"separator\" style=\"text-align: center;\">acontece<\/div>\n<div class=\"separator\" style=\"text-align: center;\">sen\u00f5es<\/div>\n<div class=\"separator\" style=\"text-align: center;\">o inverno do meu tempo<\/div>\n<div class=\"separator\" style=\"text-align: center;\">que seja bem feliz<\/div>\n<div class=\"separator\" style=\"text-align: center;\">d\u00ea-me gra\u00e7as, senhora<\/div>\n<div class=\"separator\" style=\"text-align: center;\">quem me v\u00ea sorrindo<\/div>\n<div class=\"separator\" style=\"text-align: center;\">.<\/div>\n<div class=\"separator\"><\/div>\n","protected":false},"excerpt":{"rendered":"<p>Salve, amigos cultos e ocultos! E estamos em junho, \u00e9poca de S\u00e3o Jo\u00e3o, e eu ainda n\u00e3o fiz uma gracinha, trazendo discos de festas juninas. Confesso que ando mesmo muito displicente. Muita coisa importante anda acontecendo e o Toque Musical &hellip; <a href=\"https:\/\/www.toque-musicall.com\/?p=5587\">Continue lendo <span class=\"meta-nav\">&rarr;<\/span><\/a><\/p>\n","protected":false},"author":1,"featured_media":0,"comment_status":"open","ping_status":"closed","sticky":false,"template":"","format":"standard","meta":{"footnotes":""},"categories":[1471,526],"tags":[],"class_list":["post-5587","post","type-post","status-publish","format-standard","hentry","category-cartola","category-selo-eldorado"],"_links":{"self":[{"href":"https:\/\/www.toque-musicall.com\/index.php?rest_route=\/wp\/v2\/posts\/5587","targetHints":{"allow":["GET"]}}],"collection":[{"href":"https:\/\/www.toque-musicall.com\/index.php?rest_route=\/wp\/v2\/posts"}],"about":[{"href":"https:\/\/www.toque-musicall.com\/index.php?rest_route=\/wp\/v2\/types\/post"}],"author":[{"embeddable":true,"href":"https:\/\/www.toque-musicall.com\/index.php?rest_route=\/wp\/v2\/users\/1"}],"replies":[{"embeddable":true,"href":"https:\/\/www.toque-musicall.com\/index.php?rest_route=%2Fwp%2Fv2%2Fcomments&post=5587"}],"version-history":[{"count":1,"href":"https:\/\/www.toque-musicall.com\/index.php?rest_route=\/wp\/v2\/posts\/5587\/revisions"}],"predecessor-version":[{"id":5588,"href":"https:\/\/www.toque-musicall.com\/index.php?rest_route=\/wp\/v2\/posts\/5587\/revisions\/5588"}],"wp:attachment":[{"href":"https:\/\/www.toque-musicall.com\/index.php?rest_route=%2Fwp%2Fv2%2Fmedia&parent=5587"}],"wp:term":[{"taxonomy":"category","embeddable":true,"href":"https:\/\/www.toque-musicall.com\/index.php?rest_route=%2Fwp%2Fv2%2Fcategories&post=5587"},{"taxonomy":"post_tag","embeddable":true,"href":"https:\/\/www.toque-musicall.com\/index.php?rest_route=%2Fwp%2Fv2%2Ftags&post=5587"}],"curies":[{"name":"wp","href":"https:\/\/api.w.org\/{rel}","templated":true}]}}