{"id":5599,"date":"2016-06-27T23:10:52","date_gmt":"2016-06-28T02:10:52","guid":{"rendered":"http:\/\/www.toque-musicall.com\/?p=5599"},"modified":"2016-06-28T00:16:20","modified_gmt":"2016-06-28T03:16:20","slug":"isto-e-musicanossa-1968-rozenblit","status":"publish","type":"post","link":"https:\/\/www.toque-musicall.com\/?p=5599","title":{"rendered":"Isto \u00c9 Musicanossa (1968) Rozenblit"},"content":{"rendered":"<p><img loading=\"lazy\" decoding=\"async\" class=\"aligncenter\" src=\"https:\/\/1.bp.blogspot.com\/-eeeaeittHZs\/V3CDfTIDmNI\/AAAAAAAANBw\/oL539svXRFI3iFJ1mKMOx9MvZggWoUAVQCLcB\/s640\/capap.JPG\" width=\"640\" height=\"639\" \/><img loading=\"lazy\" decoding=\"async\" class=\"aligncenter\" src=\"https:\/\/1.bp.blogspot.com\/-RfSyfnHWdkk\/V3CDfwNo7TI\/AAAAAAAANB0\/NcGKgLRMh1EllUbzWAKiP-IT8IwDSFrxgCLcB\/s640\/contrap.JPG\" width=\"635\" height=\"640\" \/><\/p>\n<p>Ol\u00e1 amigu\u00edssimos cultos e ocultos! Atendendo aos pedidos, eu finalmente consegui o lp &#8220;Isto \u00e9 M\u00fasicanossa&#8221;, vers\u00e3o lan\u00e7ada pela Rozenblit e como o lp da Odeon, tamb\u00e9m datado de 1968. Neste disco da gravadora pernambucana vamos encontrar outros artistas, mas todos do mesmo &#8216;naipe&#8217; do outro. Como destaque, temos o genial Johnny Alf, o Trio 3D de Antonio Adolfo com Novelli nos vocais, Maur\u00edcio Einhorn e M\u00e1rio Telles. Tamb\u00e9m aparecem int\u00e9rpretes pouco conhecidos como, Henrique Beni, Iracema Werneck e Neide Mariarrosa. No todo, temos um conjunto impec\u00e1vel de artistas que tamb\u00e9m fizeram parte do movimento M\u00fasicanossa.<\/p>\n<div style=\"text-align: center;\">samba do retorno &#8211; johnny alf<\/div>\n<div style=\"text-align: center;\">alegria de carnaval &#8211; trio 3d e novelli<\/div>\n<div style=\"text-align: center;\">rosa branca &#8211; iracema werneck<\/div>\n<div style=\"text-align: center;\">rema &#8211; henrique beni<\/div>\n<div style=\"text-align: center;\">maria da favela &#8211; m\u00e1rio telles<\/div>\n<div style=\"text-align: center;\">alvorada &#8211; maur\u00edco einhorn<\/div>\n<div style=\"text-align: center;\">eu e a brisa &#8211; johnny alf<\/div>\n<div style=\"text-align: center;\">pobre morro &#8211; neide mariarrosa<\/div>\n<div style=\"text-align: center;\">tema triste &#8211; iracema werneck<\/div>\n<div style=\"text-align: center;\">sistema &#8211; maur\u00edco einhorn<\/div>\n<div style=\"text-align: center;\">o brilho da faca &#8211; trio 3d e novelli<\/div>\n<div style=\"text-align: center;\">n\u00f3s &#8211; henrique bani<\/div>\n<div style=\"text-align: center;\"><\/div>\n<div style=\"text-align: center;\">.<\/div>\n","protected":false},"excerpt":{"rendered":"<p>Ol\u00e1 amigu\u00edssimos cultos e ocultos! Atendendo aos pedidos, eu finalmente consegui o lp &#8220;Isto \u00e9 M\u00fasicanossa&#8221;, vers\u00e3o lan\u00e7ada pela Rozenblit e como o lp da Odeon, tamb\u00e9m datado de 1968. Neste disco da gravadora pernambucana vamos encontrar outros artistas, mas &hellip; <a href=\"https:\/\/www.toque-musicall.com\/?p=5599\">Continue lendo <span class=\"meta-nav\">&rarr;<\/span><\/a><\/p>\n","protected":false},"author":1,"featured_media":0,"comment_status":"open","ping_status":"closed","sticky":false,"template":"","format":"standard","meta":{"footnotes":""},"categories":[2707,568,1802,354,1717,1997],"tags":[],"class_list":["post-5599","post","type-post","status-publish","format-standard","hentry","category-henrique-beni","category-johnny-alf","category-novelli","category-selo-rozenblit","category-trio-3-d","category-trio-3d"],"_links":{"self":[{"href":"https:\/\/www.toque-musicall.com\/index.php?rest_route=\/wp\/v2\/posts\/5599","targetHints":{"allow":["GET"]}}],"collection":[{"href":"https:\/\/www.toque-musicall.com\/index.php?rest_route=\/wp\/v2\/posts"}],"about":[{"href":"https:\/\/www.toque-musicall.com\/index.php?rest_route=\/wp\/v2\/types\/post"}],"author":[{"embeddable":true,"href":"https:\/\/www.toque-musicall.com\/index.php?rest_route=\/wp\/v2\/users\/1"}],"replies":[{"embeddable":true,"href":"https:\/\/www.toque-musicall.com\/index.php?rest_route=%2Fwp%2Fv2%2Fcomments&post=5599"}],"version-history":[{"count":1,"href":"https:\/\/www.toque-musicall.com\/index.php?rest_route=\/wp\/v2\/posts\/5599\/revisions"}],"predecessor-version":[{"id":5600,"href":"https:\/\/www.toque-musicall.com\/index.php?rest_route=\/wp\/v2\/posts\/5599\/revisions\/5600"}],"wp:attachment":[{"href":"https:\/\/www.toque-musicall.com\/index.php?rest_route=%2Fwp%2Fv2%2Fmedia&parent=5599"}],"wp:term":[{"taxonomy":"category","embeddable":true,"href":"https:\/\/www.toque-musicall.com\/index.php?rest_route=%2Fwp%2Fv2%2Fcategories&post=5599"},{"taxonomy":"post_tag","embeddable":true,"href":"https:\/\/www.toque-musicall.com\/index.php?rest_route=%2Fwp%2Fv2%2Ftags&post=5599"}],"curies":[{"name":"wp","href":"https:\/\/api.w.org\/{rel}","templated":true}]}}